{"id":56149,"date":"2026-09-01T00:29:32","date_gmt":"2026-09-01T04:29:32","guid":{"rendered":"https:\/\/www.wiego.org\/?p=56149"},"modified":"2026-09-01T00:50:51","modified_gmt":"2026-09-01T04:50:51","slug":"enregistrement-numerique-formalisation-informel","status":"publish","type":"post","link":"https:\/\/www.wiego.org\/fr\/blog\/enregistrement-numerique-formalisation-informel\/","title":{"rendered":"De l&#8217;enregistrement num\u00e9rique aux droits : mettre la formalisation au service des travailleuse\u00b7eur\u00b7s de l&#8217;informel"},"content":{"rendered":"<p>En juin 2026, le <a href=\"https:\/\/www.mospi.gov.in\/uploads\/publications_reports\/publications_reports1782719154252_48268485-c06e-49f5-8353-e3b616941fca_SDG_NIF_Progress_Report_2026.pdf\">rapport sur l&#8217;\u00e9tat d&#8217;avancement des ODD<\/a> du minist\u00e8re de la Statistique et de la Mise en \u0153uvre des programmes (MoSPI) a relev\u00e9 que la couverture de la protection sociale en Inde a presque tripl\u00e9, passant de 22 % (2016) \u00e0 65,3 % (2026). Cette hausse a \u00e9t\u00e9 attribu\u00e9e \u00e0 l&#8217;<a href=\"https:\/\/www.pib.gov.in\/PressReleasePage.aspx?PRID=2115391&amp;reg=48&amp;lang=2\">enregistrement des travailleuse\u00b7eur\u00b7s<\/a> au titre de dispositifs tels qu&#8217;Ayushman Bharat, Atal Pension Yojana et e-Shram. Depuis 2021, l&#8217;Inde a enregistr\u00e9 plus de 315 millions de travailleuse\u00b7eur\u00b7s du secteur non organis\u00e9 sur le portail e-Shram \u2014 une base de donn\u00e9es nationale con\u00e7ue pour connecter les travailleuse\u00b7eur\u00b7s de l&#8217;informel aux dispositifs de protection sociale.<\/p>\n<p>Ces chiffres ont \u00e9t\u00e9 largement c\u00e9l\u00e9br\u00e9s dans les d\u00e9bats sur les politiques publiques comme un signe de <a href=\"https:\/\/www.pib.gov.in\/PressNoteDetails.aspx?NoteId=153420&amp;ModuleId=3&amp;reg=48&amp;lang=2\">formalisation<\/a>, un processus par lequel les travailleuse\u00b7eur\u00b7s obtiennent des prestations de s\u00e9curit\u00e9 sociale, une reconnaissance juridique, des protections du travail opposables et la capacit\u00e9 effective d&#8217;exercer leurs droits. Si tel est bien le cas, cela repr\u00e9senterait la formalisation la plus vaste et la plus rapide de l&#8217;histoire. Cependant, comme l&#8217;ont soulign\u00e9 <a href=\"https:\/\/www.wiego.org\/fr\/blog\/enregistrement-des-travailleuseeurs-de-linformel-en-inde-le-shram-une-opportunite-manquee\/\">Shalini et Shalaka<\/a>, si e-Shram a contribu\u00e9 \u00e0 doter les travailleuse\u00b7eur\u00b7s d&#8217;une identit\u00e9 au sein du syst\u00e8me, le dispositif n&#8217;est pas parvenu \u00e0 garantir les prestations que cette identit\u00e9 num\u00e9rique \u00e9tait cens\u00e9e d\u00e9bloquer. Pour des travailleuse\u00b7eur\u00b7s comme Bipin, ouvrier migrant du b\u00e2timent \u00e0 Najafgarh (New Delhi), s&#8217;enregistrer sans pouvoir acc\u00e9der aux prestations finit par n&#8217;\u00eatre qu&#8217;une promesse vide.<\/p>\n<blockquote><p>\u00ab On nous avait dit que la carte nous donnerait droit \u00e0 des prestations\u2026 mais ce n&#8217;\u00e9tait qu&#8217;une promesse creuse de plus. Encore une carte vide qui dort dans mon portefeuille. \u00bb<\/p><\/blockquote>\n<p>En 2025, la <a href=\"https:\/\/sansad.in\/getFile\/lsscommittee\/Finance\/18_Finance_26.pdf?source=loksabhadocs\">Commission permanente des Finances du Parlement indien<\/a> a demand\u00e9 au minist\u00e8re du Travail si la formalisation garantissait une s\u00e9curit\u00e9 de revenu durable, la protection sociale et un emploi \u00e0 long terme. La r\u00e9ponse du minist\u00e8re a \u00e9t\u00e9 r\u00e9v\u00e9latrice : les donn\u00e9es d&#8217;e-Shram, a-t-il indiqu\u00e9, \u00ab peuvent \u00eatre utilis\u00e9es \u00bb et \u00ab pourraient apporter un \u00e9clairage utile \u00bb. On compte trois cent quinze millions d&#8217;enregistrements, et pourtant, on ignore si cela a r\u00e9ellement chang\u00e9 la vie des travailleuse\u00b7eur\u00b7s.<\/p>\n<p>Partout dans le monde, l&#8217;enregistrement num\u00e9rique a \u00e9t\u00e9 pr\u00e9sent\u00e9 comme un moyen d&#8217;\u00e9tendre la port\u00e9e de l&#8217;\u00c9tat et de d\u00e9ployer des protections \u00e0 grande \u00e9chelle. Ce qui a commenc\u00e9 comme un outil destin\u00e9 \u00e0 relier les travailleuse\u00b7eur\u00b7s de l&#8217;informel aux droits et aux protections s&#8217;est discr\u00e8tement transform\u00e9 en une<a href=\"https:\/\/www.wiego.org\/fr\/blog\/la-numerisation-des-efforts-de-transition-vers-leconomie-formelle-consequences-pour-les-travailleuse%c2%b7eur%c2%b7s-de-linformel\/\"> mesure de formalisation en soi<\/a>. Il offre de la visibilit\u00e9, de la capacit\u00e9 de mise \u00e0 l&#8217;\u00e9chelle et une facilit\u00e9 politique \u2014 la possibilit\u00e9 d&#8217;afficher le nombre de travailleuse\u00b7eur\u00b7s non organis\u00e9\u00b7e\u00b7s \u2014 mais il en dit tr\u00e8s peu sur les changements r\u00e9els dans la vie des travailleuse\u00b7eur\u00b7s.<\/p>\n<h3>La promesse de l&#8217;\u00e9chelle<\/h3>\n<p>Le portail e-Shram est n\u00e9 en pleine crise. Pendant la pand\u00e9mie de la COVID-19, les images de travailleuse\u00b7eur\u00b7s migrant\u00b7e\u00b7s marchant des centaines de kilom\u00e8tres pour rentrer chez eux, sans revenu, sans abri, invisibles pour tous les syst\u00e8mes cens\u00e9s les prot\u00e9ger, ont contraint le pays \u00e0 une responsabilit\u00e9 qu&#8217;il ne pouvait plus ignorer. Cela a donn\u00e9 naissance \u00e0 e-Shram, la plus grande base de donn\u00e9es de travailleuse\u00b7eur\u00b7s non organis\u00e9\u00b7e\u00b7s au monde, qui visait \u00e0 relier les travailleuse\u00b7eur\u00b7s \u00e0 la s\u00e9curit\u00e9 sociale.<\/p>\n<p>Pour un pays o\u00f9 l&#8217;emploi informel touche plus de <a href=\"https:\/\/www.wiego.org\/research-library-publications\/informal-workers-india-statistical-profile\/\">90 % de la population occup\u00e9e<\/a>, ce n&#8217;\u00e9tait pas une r\u00e9ussite administrative mineure. Selon ses propres crit\u00e8res, cela a constitu\u00e9 une avanc\u00e9e d\u00e9cisive.<\/p>\n<p>Mais le succ\u00e8s de l&#8217;\u00e9chelle et le <a href=\"https:\/\/www.wiego.org\/fr\/blog\/enregistrement-des-travailleuseeurs-de-linformel-en-inde-le-shram-une-opportunite-manquee\/\">succ\u00e8s de l&#8217;impact<\/a> ne sont pas la m\u00eame chose.<\/p>\n<h3>Une carte sans routes<\/h3>\n<p><a href=\"https:\/\/journals.sagepub.com\/doi\/10.1177\/14680181261416392\">L&#8217;article que nous avons publi\u00e9 r\u00e9cemment<\/a> dans Global Social Policy montre qu&#8217;e-Shram a mis l&#8217;accent sur l&#8217;inscription dans des syst\u00e8mes num\u00e9riques, sans s&#8217;attaquer aux conditions structurelles plus profondes qui produisent la vuln\u00e9rabilit\u00e9 des travailleuse\u00b7eur\u00b7s. Le portail a produit une carte remarquable sur le travail informel. Les routes vers les droits et les prestations correspondants restent \u00e0 construire.<\/p>\n<p>Nous appelons cela une formalisation restreinte : une approche qui privil\u00e9gie la visibilit\u00e9 administrative plut\u00f4t que la transformation socio-\u00e9conomique, ce qui rend les travailleuse\u00b7eur\u00b7s visibles pour l&#8217;\u00c9tat sans formaliser leurs conditions de travail.<\/p>\n<p>Cette distinction importe. Les travailleuses qui se sont enregistr\u00e9es n&#8217;ont trouv\u00e9 aucune l\u00e9gislation du travail \u00e0 faire valoir. Les travailleuse\u00b7eur\u00b7s migrant\u00b7e\u00b7s ne pouvaient toujours pas acc\u00e9der aux prestations lorsqu&#8217;ils se d\u00e9pla\u00e7aient d&#8217;un \u00c9tat indien \u00e0 l&#8217;autre. Les travailleuse\u00b7eur\u00b7s de plus de 60 ans ne pouvaient pas s&#8217;enregistrer du tout. Certain\u00b7e\u00b7s travailleuse\u00b7eur\u00b7s, croyant \u00e0 tort qu\u2019e-Shram rempla\u00e7ait les dispositifs de protection sociale existants, se sont d\u00e9sinscrit\u00b7e\u00b7s de programmes auxquels elles\u00b7ils avaient d\u00e9j\u00e0 droit \u2014 et ont perdu des protections en cherchant pr\u00e9cis\u00e9ment \u00e0 en obtenir de nouvelles.<\/p>\n<p><a href=\"https:\/\/onlinelibrary.wiley.com\/doi\/10.1111\/dech.12768\">L&#8217;informalit\u00e9 n&#8217;est pas une condition unique<\/a> qu&#8217;une carte d&#8217;enregistrement peut r\u00e9gler. Comme le reconna\u00eet la<a href=\"https:\/\/www.ilo.org\/fr\/resource\/autre\/ilc\/ilc104\/r204-recommendation-concernant-la-transition-de-leconomie-informelle-vers\"> Recommandation 204 de l&#8217;OIT<\/a>, elle recouvre un ensemble de d\u00e9ficits de droits : l&#8217;absence de contrats de travail, l&#8217;absence de s\u00e9curit\u00e9 sociale, l&#8217;absence de reconnaissance juridique, l&#8217;absence de protections du travail et l&#8217;absence de pouvoir de n\u00e9gociation. Une formalisation qui ne traite qu&#8217;un seul fil de l&#8217;\u00e9cheveau \u2014 l&#8217;enregistrement \u2014 ne d\u00e9m\u00eale pas le reste. Elle ne fait que rendre le reste plus difficile \u00e0 voir.<\/p>\n<h3>De la conception pour les travailleuse\u00b7eur\u00b7s \u00e0 la conception avec elles\u00b7eux<\/h3>\n<p>La distance entre l&#8217;enregistrement et les droits n&#8217;est pas seulement un probl\u00e8me technologique. Elle refl\u00e8te l&#8217;absence des voix qui auraient d\u00fb compter dans la conception : les organisations de travailleuse\u00b7eur\u00b7s et les collectifs de base qui connaissaient les travailleuse\u00b7eur\u00b7s bien avant l&#8217;existence de tout portail.<\/p>\n<p><a href=\"https:\/\/www.wiego.org\/fr\/blog\/enregistrement-des-travailleuseeurs-de-linformel-en-inde-le-shram-une-opportunite-manquee\/\">L&#8217;enregistrement exigeait<\/a> une carte Aadhaar, un compte bancaire associ\u00e9 et un num\u00e9ro de t\u00e9l\u00e9phone mobile actif. Pour beaucoup de travailleuse\u00b7eur\u00b7s, il manquait au moins un maillon de cette cha\u00eene, faute de smartphone ou d&#8217;acc\u00e8s \u00e0 Internet \u2014 et les femmes \u00e9taient particuli\u00e8rement touch\u00e9es.<\/p>\n<p>Des organisations de la soci\u00e9t\u00e9 civile, des ONG et des collectifs de base sont intervenus pour accompagner les travailleuse\u00b7eur\u00b7s tout au long du processus d&#8217;enregistrement. La majorit\u00e9 des enregistrements sur e-Shram ont \u00e9t\u00e9 effectu\u00e9s par des interm\u00e9diaires. L&#8217;\u00c9tat a construit le portail ; ce sont les interm\u00e9diaires qui l&#8217;ont rendu accessible.<\/p>\n<p>Cependant, ces m\u00eames organisations restent largement absentes des espaces o\u00f9 les politiques sont con\u00e7ues. Les d\u00e9cisions relatives \u00e0 l&#8217;\u00e9ligibilit\u00e9, aux cat\u00e9gories professionnelles et \u00e0 l&#8217;int\u00e9gration des programmes sont prises par l&#8217;\u00c9tat, pour les besoins de l&#8217;\u00c9tat. Les organisations de travailleuse\u00b7eur\u00b7s sont essentielles pour atteindre les travailleuse\u00b7eur\u00b7s jusqu&#8217;au dernier maillon et pour institutionnaliser leur place au sein du syst\u00e8me.<\/p>\n<h3>L&#8217;Inde n&#8217;est pas un cas isol\u00e9<\/h3>\n<p>L&#8217;exp\u00e9rience de l&#8217;Inde n&#8217;est pas un cas \u00e0 part. Elle illustre, de mani\u00e8re particuli\u00e8rement visible, un sch\u00e9ma qui se r\u00e9p\u00e8te partout dans le monde. Les <a href=\"https:\/\/journals.sagepub.com\/doi\/10.1177\/0308518X251374649\">plateformes num\u00e9riques<\/a> pr\u00e9tendent formaliser le travail \u00e0 la t\u00e2che sans formaliser ses conditions. Les syst\u00e8mes de protection sociale accordent une \u00e9ligibilit\u00e9 de pure forme, sans prestations concr\u00e8tes dans la pratique. Partout o\u00f9 la formalisation est mesur\u00e9e en chiffres d&#8217;enregistrement plut\u00f4t qu&#8217;en changements substantiels dans la vie des travailleuse\u00b7eur\u00b7s, c&#8217;est le m\u00eame \u00e9cart qui se creuse.<\/p>\n<p>Lorsque les gouvernements et les organisations de travailleuse\u00b7eur\u00b7s se sont r\u00e9unis \u00e0 la Conf\u00e9rence internationale du Travail en juin 2026, une question centrale portait sur la mani\u00e8re de cr\u00e9er des structures de dialogue authentique int\u00e9grant la voix des travailleuse\u00b7eur\u00b7s dans la conception de la formalisation, et non seulement dans sa mise en \u0153uvre. L&#8217;architecture tripartite exig\u00e9e par la<a href=\"https:\/\/www.ilo.org\/fr\/resource\/autre\/ilc\/ilc104\/r204-recommendation-concernant-la-transition-de-leconomie-informelle-vers\"> Recommandation 204 de l&#8217;OIT<\/a> demeure ostensiblement absente de la conception des politiques de formalisation dans de nombreux pays. Cette absence n&#8217;est pas un hasard. C&#8217;est un d\u00e9ficit d\u00e9mocratique.<\/p>\n<h3>Trois choses qui doivent changer<\/h3>\n<p>La formalisation n&#8217;est pas un interrupteur. C&#8217;est un processus de longue haleine, n\u00e9goci\u00e9 politiquement. Alors que des pays comme <a href=\"https:\/\/economictimes.indiatimes.com\/news\/economy\/policy\/govt-plans-study-to-assess-impact-of-formalisation-on-workers\/articleshow\/128726930.cms?from=mdr\">l&#8217;Inde entreprennent l&#8217;\u00e9tude<\/a> de la relation entre l&#8217;enregistrement num\u00e9rique et la formalisation, trois choses doivent changer :<\/p>\n<ol>\n<li><strong>Du comptage \u00e0 la mesure du changement : <\/strong>Une base de donn\u00e9es d&#8217;enregistrement est une infrastructure ; elle ne devrait pas \u00eatre confondue avec la formalisation effective des conditions de travail des travailleuse\u00b7eur\u00b7s. Il incombe d\u00e9sormais \u00e0 l&#8217;\u00c9tat d&#8217;examiner si les travailleuse\u00b7eur\u00b7s enregistr\u00e9\u00b7e\u00b7s peuvent effectivement acc\u00e9der aux prestations, am\u00e9liorer leurs conditions de travail ou stabiliser leurs revenus dans la dur\u00e9e.<\/li>\n<li><strong>Garantir la portabilit\u00e9 des prestations : <\/strong>e-Shram devait, \u00e0 l&#8217;origine, assurer la protection sociale des travailleuse\u00b7eur\u00b7s migrant\u00b7e\u00b7s non organis\u00e9\u00b7e\u00b7s. Si les migrant\u00b7e\u00b7s sont d\u00e9sormais enregistr\u00e9\u00b7e\u00b7s sur le portail, l&#8217;acc\u00e8s effectif \u00e0 leurs droits reste circonscrit au lieu de leur enregistrement. Les registres num\u00e9riques doivent \u00eatre utilis\u00e9s pour permettre cette portabilit\u00e9.<\/li>\n<li><strong>Traiter les organisations de travailleuse\u00b7eur\u00b7s comme des partenaires institutionnels, et non comme de simples prestataires : <\/strong>Les collectifs de travailleuse\u00b7eur\u00b7s et les organisations de la soci\u00e9t\u00e9 civile ont \u00e9t\u00e9 essentiels pour qu&#8217;e-Shram fonctionne dans la pratique. Elles ont d\u00e9sormais besoin d&#8217;un r\u00f4le formel dans l&#8217;institutionnalisation de la voix des travailleuse\u00b7eur\u00b7s au sein du syst\u00e8me.<\/li>\n<\/ol>\n<h3>Au-del\u00e0 d&#8217;une carte dans un portefeuille ?<\/h3>\n<p>La carte de Bipin dort toujours dans son portefeuille. Elle existe. Son nom y figure. Elle n&#8217;a en revanche rien chang\u00e9 \u00e0 ses conditions de travail, \u00e0 son acc\u00e8s aux prestations de protection sociale, ni \u00e0 son pouvoir de n\u00e9gocier les termes de son emploi.<\/p>\n<p>C&#8217;est l\u00e0, pr\u00e9cis\u00e9ment, l&#8217;\u00e9cart entre l&#8217;enregistrement et les droits. Le combler suppose plus que de meilleurs portails ou des objectifs d&#8217;inscription plus ambitieux. Cela suppose de consid\u00e9rer la formalisation pour ce qu&#8217;elle est vraiment : non pas un acte administratif, mais un engagement politique envers les personnes que le syst\u00e8me est cens\u00e9 servir.<\/p>\n","protected":false},"excerpt":{"rendered":"<p>En juin 2026, le rapport sur l&#8217;\u00e9tat d&#8217;avancement des ODD du minist\u00e8re de la Statistique et de la Mise en \u0153uvre des programmes (MoSPI) a relev\u00e9 que la couverture de la protection sociale en Inde a presque tripl\u00e9, passant de 22 % (2016) \u00e0 65,3 % (2026). Cette hausse a \u00e9t\u00e9 attribu\u00e9e \u00e0 l&#8217;enregistrement des [&hellip;]<\/p>\n","protected":false},"author":10,"featured_media":56148,"comment_status":"closed","ping_status":"open","sticky":false,"template":"","format":"standard","meta":{"_acf_changed":false,"_relevanssi_hide_post":"","_relevanssi_hide_content":"","_relevanssi_pin_for_all":"","_relevanssi_pin_keywords":"","_relevanssi_unpin_keywords":"","_relevanssi_related_keywords":"","_relevanssi_related_include_ids":"0","_relevanssi_related_exclude_ids":"","_relevanssi_related_no_append":"","_relevanssi_related_not_related":"","_relevanssi_related_posts":"","_relevanssi_noindex_reason":"","footnotes":""},"class_list":["post-56149","post","type-post","status-publish","format-standard","has-post-thumbnail","hentry","economy-theme-formalisation","economy-theme-normes-internationales-travail","economy-theme-plaidoyer-negociations-mondial","region-asie-pacifique","region-inde"],"acf":[],"yoast_head":"<!-- This site is optimized with the Yoast SEO Premium plugin v23.8 (Yoast SEO v27.4) - https:\/\/yoast.com\/product\/yoast-seo-premium-wordpress\/ -->\n<title>De l&#039;enregistrement num\u00e9rique aux droits : mettre la formalisation au service des travailleuse\u00b7eur\u00b7s de l&#039;informel - WIEGO<\/title>\n<meta name=\"robots\" content=\"index, follow, max-snippet:-1, max-image-preview:large, max-video-preview:-1\" \/>\n<link rel=\"canonical\" href=\"https:\/\/www.wiego.org\/fr\/blog\/enregistrement-numerique-formalisation-informel\/\" \/>\n<meta property=\"og:locale\" content=\"fr_FR\" \/>\n<meta property=\"og:type\" content=\"article\" \/>\n<meta property=\"og:title\" content=\"De l&#039;enregistrement num\u00e9rique aux droits : mettre la formalisation au service des travailleuse\u00b7eur\u00b7s de l&#039;informel\" \/>\n<meta property=\"og:description\" content=\"En juin 2026, le rapport sur l&#8217;\u00e9tat d&#8217;avancement des ODD du minist\u00e8re de la Statistique et de la Mise en \u0153uvre des programmes (MoSPI) a relev\u00e9 que la couverture de la protection sociale en Inde a presque tripl\u00e9, passant de 22 % (2016) \u00e0 65,3 % (2026). Cette hausse a \u00e9t\u00e9 attribu\u00e9e \u00e0 l&#8217;enregistrement des [&hellip;]\" \/>\n<meta property=\"og:url\" content=\"https:\/\/www.wiego.org\/fr\/blog\/enregistrement-numerique-formalisation-informel\/\" \/>\n<meta property=\"og:site_name\" content=\"WIEGO\" \/>\n<meta property=\"article:publisher\" content=\"https:\/\/www.facebook.com\/wiegoglobal\/\" \/>\n<meta property=\"article:published_time\" content=\"2026-09-01T04:29:32+00:00\" \/>\n<meta property=\"article:modified_time\" content=\"2026-09-01T04:50:51+00:00\" \/>\n<meta property=\"og:image\" content=\"https:\/\/www.wiego.org\/wp-content\/uploads\/2026\/09\/From-Digital-Registration-to-Rights.jpg\" \/>\n\t<meta property=\"og:image:width\" content=\"1500\" \/>\n\t<meta property=\"og:image:height\" content=\"844\" \/>\n\t<meta property=\"og:image:type\" content=\"image\/jpeg\" \/>\n<meta name=\"author\" content=\"juan\" \/>\n<meta name=\"twitter:card\" content=\"summary_large_image\" \/>\n<meta name=\"twitter:creator\" content=\"@wiegoglobal\" \/>\n<meta name=\"twitter:site\" content=\"@wiegoglobal\" \/>\n<meta name=\"twitter:label1\" content=\"Written by\" \/>\n\t<meta name=\"twitter:data1\" content=\"juan\" \/>\n\t<meta name=\"twitter:label2\" content=\"Est. reading time\" \/>\n\t<meta name=\"twitter:data2\" content=\"7 minutes\" \/>\n<script type=\"application\/ld+json\" class=\"yoast-schema-graph\">{\"@context\":\"https:\\\/\\\/schema.org\",\"@graph\":[{\"@type\":\"Article\",\"@id\":\"https:\\\/\\\/www.wiego.org\\\/fr\\\/blog\\\/enregistrement-numerique-formalisation-informel\\\/#article\",\"isPartOf\":{\"@id\":\"https:\\\/\\\/www.wiego.org\\\/fr\\\/blog\\\/enregistrement-numerique-formalisation-informel\\\/\"},\"author\":{\"name\":\"juan\",\"@id\":\"https:\\\/\\\/www.wiego.org\\\/fr\\\/#\\\/schema\\\/person\\\/cf9d18e80ddba12163728995f2590506\"},\"headline\":\"De l&#8217;enregistrement num\u00e9rique aux droits : mettre la formalisation au service des travailleuse\u00b7eur\u00b7s de l&#8217;informel\",\"datePublished\":\"2026-09-01T04:29:32+00:00\",\"dateModified\":\"2026-09-01T04:50:51+00:00\",\"mainEntityOfPage\":{\"@id\":\"https:\\\/\\\/www.wiego.org\\\/fr\\\/blog\\\/enregistrement-numerique-formalisation-informel\\\/\"},\"wordCount\":1793,\"publisher\":{\"@id\":\"https:\\\/\\\/www.wiego.org\\\/fr\\\/#organization\"},\"image\":{\"@id\":\"https:\\\/\\\/www.wiego.org\\\/fr\\\/blog\\\/enregistrement-numerique-formalisation-informel\\\/#primaryimage\"},\"thumbnailUrl\":\"https:\\\/\\\/www.wiego.org\\\/wp-content\\\/uploads\\\/2026\\\/09\\\/From-Digital-Registration-to-Rights.jpg\",\"inLanguage\":\"fr-FR\"},{\"@type\":\"WebPage\",\"@id\":\"https:\\\/\\\/www.wiego.org\\\/fr\\\/blog\\\/enregistrement-numerique-formalisation-informel\\\/\",\"url\":\"https:\\\/\\\/www.wiego.org\\\/fr\\\/blog\\\/enregistrement-numerique-formalisation-informel\\\/\",\"name\":\"De l'enregistrement num\u00e9rique aux droits : mettre la formalisation au service des travailleuse\u00b7eur\u00b7s de l'informel - WIEGO\",\"isPartOf\":{\"@id\":\"https:\\\/\\\/www.wiego.org\\\/fr\\\/#website\"},\"primaryImageOfPage\":{\"@id\":\"https:\\\/\\\/www.wiego.org\\\/fr\\\/blog\\\/enregistrement-numerique-formalisation-informel\\\/#primaryimage\"},\"image\":{\"@id\":\"https:\\\/\\\/www.wiego.org\\\/fr\\\/blog\\\/enregistrement-numerique-formalisation-informel\\\/#primaryimage\"},\"thumbnailUrl\":\"https:\\\/\\\/www.wiego.org\\\/wp-content\\\/uploads\\\/2026\\\/09\\\/From-Digital-Registration-to-Rights.jpg\",\"datePublished\":\"2026-09-01T04:29:32+00:00\",\"dateModified\":\"2026-09-01T04:50:51+00:00\",\"breadcrumb\":{\"@id\":\"https:\\\/\\\/www.wiego.org\\\/fr\\\/blog\\\/enregistrement-numerique-formalisation-informel\\\/#breadcrumb\"},\"inLanguage\":\"fr-FR\",\"potentialAction\":[{\"@type\":\"ReadAction\",\"target\":[\"https:\\\/\\\/www.wiego.org\\\/fr\\\/blog\\\/enregistrement-numerique-formalisation-informel\\\/\"]}]},{\"@type\":\"ImageObject\",\"inLanguage\":\"fr-FR\",\"@id\":\"https:\\\/\\\/www.wiego.org\\\/fr\\\/blog\\\/enregistrement-numerique-formalisation-informel\\\/#primaryimage\",\"url\":\"https:\\\/\\\/www.wiego.org\\\/wp-content\\\/uploads\\\/2026\\\/09\\\/From-Digital-Registration-to-Rights.jpg\",\"contentUrl\":\"https:\\\/\\\/www.wiego.org\\\/wp-content\\\/uploads\\\/2026\\\/09\\\/From-Digital-Registration-to-Rights.jpg\",\"width\":1500,\"height\":844,\"caption\":\"Rani Ben, 50 ans, travaille pour SEWA depuis 15 ans. Elle aide les personnes \u00e0 t\u00e9l\u00e9charger et \u00e0 soumettre les documents n\u00e9cessaires pour les programmes gouvernementaux auxquels elles peuvent pr\u00e9tendre, en fonction de leur \u00e9ligibilit\u00e9. Elle est responsable du guichet d'assistance \u00e0 l'inscription E-Shram au Sewa Shakti Kendra, SEWA Delhi, \u00e0 Jehangirpuri. Photo prise le 23 juillet 2025.\"},{\"@type\":\"WebSite\",\"@id\":\"https:\\\/\\\/www.wiego.org\\\/fr\\\/#website\",\"url\":\"https:\\\/\\\/www.wiego.org\\\/fr\\\/\",\"name\":\"WIEGO\",\"description\":\"WIEGO is a global network that supports the movement of workers in informal employment\",\"publisher\":{\"@id\":\"https:\\\/\\\/www.wiego.org\\\/fr\\\/#organization\"},\"alternateName\":\"Women in Informal Employment Globalizing and Organizing\",\"potentialAction\":[{\"@type\":\"SearchAction\",\"target\":{\"@type\":\"EntryPoint\",\"urlTemplate\":\"https:\\\/\\\/www.wiego.org\\\/fr\\\/?s={search_term_string}\"},\"query-input\":{\"@type\":\"PropertyValueSpecification\",\"valueRequired\":true,\"valueName\":\"search_term_string\"}}],\"inLanguage\":\"fr-FR\"},{\"@type\":\"Organization\",\"@id\":\"https:\\\/\\\/www.wiego.org\\\/fr\\\/#organization\",\"name\":\"WIEGO\",\"url\":\"https:\\\/\\\/www.wiego.org\\\/fr\\\/\",\"logo\":{\"@type\":\"ImageObject\",\"inLanguage\":\"fr-FR\",\"@id\":\"https:\\\/\\\/www.wiego.org\\\/fr\\\/#\\\/schema\\\/logo\\\/image\\\/\",\"url\":\"https:\\\/\\\/www.wiego.org\\\/wp-content\\\/uploads\\\/2024\\\/12\\\/logo.svg\",\"contentUrl\":\"https:\\\/\\\/www.wiego.org\\\/wp-content\\\/uploads\\\/2024\\\/12\\\/logo.svg\",\"width\":142,\"height\":90,\"caption\":\"WIEGO\"},\"image\":{\"@id\":\"https:\\\/\\\/www.wiego.org\\\/fr\\\/#\\\/schema\\\/logo\\\/image\\\/\"},\"sameAs\":[\"https:\\\/\\\/www.facebook.com\\\/wiegoglobal\\\/\",\"https:\\\/\\\/x.com\\\/wiegoglobal\",\"https:\\\/\\\/www.linkedin.com\\\/company\\\/wiego\\\/\",\"https:\\\/\\\/www.youtube.com\\\/user\\\/wiegoglobal\"],\"description\":\"WIEGO is a global network that supports the movement of workers in informal employment.\"},{\"@type\":\"BreadcrumbList\",\"itemListElement\":[{\"@type\":\"ListItem\",\"position\":1,\"item\":{\"@id\":\"https:\\\/\\\/www.wiego.org\\\/fr\\\/\",\"name\":\"WIEGO\"}},{\"@type\":\"ListItem\",\"position\":2,\"item\":{\"@id\":\"https:\\\/\\\/www.wiego.org\\\/fr\\\/blog\\\/\",\"name\":\"Blog WIEGO\"}}],\"@id\":\"\\\/#breadcrumb\"}]}<\/script>\n<!-- \/ Yoast SEO Premium plugin. -->","yoast_head_json":{"title":"De l'enregistrement num\u00e9rique aux droits : mettre la formalisation au service des travailleuse\u00b7eur\u00b7s de l'informel - WIEGO","robots":{"index":"index","follow":"follow","max-snippet":"max-snippet:-1","max-image-preview":"max-image-preview:large","max-video-preview":"max-video-preview:-1"},"canonical":"https:\/\/www.wiego.org\/fr\/blog\/enregistrement-numerique-formalisation-informel\/","og_locale":"fr_FR","og_type":"article","og_title":"De l'enregistrement num\u00e9rique aux droits : mettre la formalisation au service des travailleuse\u00b7eur\u00b7s de l'informel","og_description":"En juin 2026, le rapport sur l&#8217;\u00e9tat d&#8217;avancement des ODD du minist\u00e8re de la Statistique et de la Mise en \u0153uvre des programmes (MoSPI) a relev\u00e9 que la couverture de la protection sociale en Inde a presque tripl\u00e9, passant de 22 % (2016) \u00e0 65,3 % (2026). Cette hausse a \u00e9t\u00e9 attribu\u00e9e \u00e0 l&#8217;enregistrement des [&hellip;]","og_url":"https:\/\/www.wiego.org\/fr\/blog\/enregistrement-numerique-formalisation-informel\/","og_site_name":"WIEGO","article_publisher":"https:\/\/www.facebook.com\/wiegoglobal\/","article_published_time":"2026-09-01T04:29:32+00:00","article_modified_time":"2026-09-01T04:50:51+00:00","og_image":[{"width":1500,"height":844,"url":"https:\/\/www.wiego.org\/wp-content\/uploads\/2026\/09\/From-Digital-Registration-to-Rights.jpg","type":"image\/jpeg"}],"author":"juan","twitter_card":"summary_large_image","twitter_creator":"@wiegoglobal","twitter_site":"@wiegoglobal","twitter_misc":{"Written by":"juan","Est. reading time":"7 minutes"},"schema":{"@context":"https:\/\/schema.org","@graph":[{"@type":"Article","@id":"https:\/\/www.wiego.org\/fr\/blog\/enregistrement-numerique-formalisation-informel\/#article","isPartOf":{"@id":"https:\/\/www.wiego.org\/fr\/blog\/enregistrement-numerique-formalisation-informel\/"},"author":{"name":"juan","@id":"https:\/\/www.wiego.org\/fr\/#\/schema\/person\/cf9d18e80ddba12163728995f2590506"},"headline":"De l&#8217;enregistrement num\u00e9rique aux droits : mettre la formalisation au service des travailleuse\u00b7eur\u00b7s de l&#8217;informel","datePublished":"2026-09-01T04:29:32+00:00","dateModified":"2026-09-01T04:50:51+00:00","mainEntityOfPage":{"@id":"https:\/\/www.wiego.org\/fr\/blog\/enregistrement-numerique-formalisation-informel\/"},"wordCount":1793,"publisher":{"@id":"https:\/\/www.wiego.org\/fr\/#organization"},"image":{"@id":"https:\/\/www.wiego.org\/fr\/blog\/enregistrement-numerique-formalisation-informel\/#primaryimage"},"thumbnailUrl":"https:\/\/www.wiego.org\/wp-content\/uploads\/2026\/09\/From-Digital-Registration-to-Rights.jpg","inLanguage":"fr-FR"},{"@type":"WebPage","@id":"https:\/\/www.wiego.org\/fr\/blog\/enregistrement-numerique-formalisation-informel\/","url":"https:\/\/www.wiego.org\/fr\/blog\/enregistrement-numerique-formalisation-informel\/","name":"De l'enregistrement num\u00e9rique aux droits : mettre la formalisation au service des travailleuse\u00b7eur\u00b7s de l'informel - WIEGO","isPartOf":{"@id":"https:\/\/www.wiego.org\/fr\/#website"},"primaryImageOfPage":{"@id":"https:\/\/www.wiego.org\/fr\/blog\/enregistrement-numerique-formalisation-informel\/#primaryimage"},"image":{"@id":"https:\/\/www.wiego.org\/fr\/blog\/enregistrement-numerique-formalisation-informel\/#primaryimage"},"thumbnailUrl":"https:\/\/www.wiego.org\/wp-content\/uploads\/2026\/09\/From-Digital-Registration-to-Rights.jpg","datePublished":"2026-09-01T04:29:32+00:00","dateModified":"2026-09-01T04:50:51+00:00","breadcrumb":{"@id":"https:\/\/www.wiego.org\/fr\/blog\/enregistrement-numerique-formalisation-informel\/#breadcrumb"},"inLanguage":"fr-FR","potentialAction":[{"@type":"ReadAction","target":["https:\/\/www.wiego.org\/fr\/blog\/enregistrement-numerique-formalisation-informel\/"]}]},{"@type":"ImageObject","inLanguage":"fr-FR","@id":"https:\/\/www.wiego.org\/fr\/blog\/enregistrement-numerique-formalisation-informel\/#primaryimage","url":"https:\/\/www.wiego.org\/wp-content\/uploads\/2026\/09\/From-Digital-Registration-to-Rights.jpg","contentUrl":"https:\/\/www.wiego.org\/wp-content\/uploads\/2026\/09\/From-Digital-Registration-to-Rights.jpg","width":1500,"height":844,"caption":"Rani Ben, 50 ans, travaille pour SEWA depuis 15 ans. Elle aide les personnes \u00e0 t\u00e9l\u00e9charger et \u00e0 soumettre les documents n\u00e9cessaires pour les programmes gouvernementaux auxquels elles peuvent pr\u00e9tendre, en fonction de leur \u00e9ligibilit\u00e9. Elle est responsable du guichet d'assistance \u00e0 l'inscription E-Shram au Sewa Shakti Kendra, SEWA Delhi, \u00e0 Jehangirpuri. Photo prise le 23 juillet 2025."},{"@type":"WebSite","@id":"https:\/\/www.wiego.org\/fr\/#website","url":"https:\/\/www.wiego.org\/fr\/","name":"WIEGO","description":"WIEGO is a global network that supports the movement of workers in informal employment","publisher":{"@id":"https:\/\/www.wiego.org\/fr\/#organization"},"alternateName":"Women in Informal Employment Globalizing and Organizing","potentialAction":[{"@type":"SearchAction","target":{"@type":"EntryPoint","urlTemplate":"https:\/\/www.wiego.org\/fr\/?s={search_term_string}"},"query-input":{"@type":"PropertyValueSpecification","valueRequired":true,"valueName":"search_term_string"}}],"inLanguage":"fr-FR"},{"@type":"Organization","@id":"https:\/\/www.wiego.org\/fr\/#organization","name":"WIEGO","url":"https:\/\/www.wiego.org\/fr\/","logo":{"@type":"ImageObject","inLanguage":"fr-FR","@id":"https:\/\/www.wiego.org\/fr\/#\/schema\/logo\/image\/","url":"https:\/\/www.wiego.org\/wp-content\/uploads\/2024\/12\/logo.svg","contentUrl":"https:\/\/www.wiego.org\/wp-content\/uploads\/2024\/12\/logo.svg","width":142,"height":90,"caption":"WIEGO"},"image":{"@id":"https:\/\/www.wiego.org\/fr\/#\/schema\/logo\/image\/"},"sameAs":["https:\/\/www.facebook.com\/wiegoglobal\/","https:\/\/x.com\/wiegoglobal","https:\/\/www.linkedin.com\/company\/wiego\/","https:\/\/www.youtube.com\/user\/wiegoglobal"],"description":"WIEGO is a global network that supports the movement of workers in informal employment."},{"@type":"BreadcrumbList","itemListElement":[{"@type":"ListItem","position":1,"item":{"@id":"https:\/\/www.wiego.org\/fr\/","name":"WIEGO"}},{"@type":"ListItem","position":2,"item":{"@id":"https:\/\/www.wiego.org\/fr\/blog\/","name":"Blog WIEGO"}}],"@id":"\/#breadcrumb"}]}},"_links":{"self":[{"href":"https:\/\/www.wiego.org\/fr\/wp-json\/wp\/v2\/posts\/56149","targetHints":{"allow":["GET"]}}],"collection":[{"href":"https:\/\/www.wiego.org\/fr\/wp-json\/wp\/v2\/posts"}],"about":[{"href":"https:\/\/www.wiego.org\/fr\/wp-json\/wp\/v2\/types\/post"}],"author":[{"embeddable":true,"href":"https:\/\/www.wiego.org\/fr\/wp-json\/wp\/v2\/users\/10"}],"replies":[{"embeddable":true,"href":"https:\/\/www.wiego.org\/fr\/wp-json\/wp\/v2\/comments?post=56149"}],"version-history":[{"count":4,"href":"https:\/\/www.wiego.org\/fr\/wp-json\/wp\/v2\/posts\/56149\/revisions"}],"predecessor-version":[{"id":56153,"href":"https:\/\/www.wiego.org\/fr\/wp-json\/wp\/v2\/posts\/56149\/revisions\/56153"}],"wp:featuredmedia":[{"embeddable":true,"href":"https:\/\/www.wiego.org\/fr\/wp-json\/wp\/v2\/media\/56148"}],"wp:attachment":[{"href":"https:\/\/www.wiego.org\/fr\/wp-json\/wp\/v2\/media?parent=56149"}],"curies":[{"name":"wp","href":"https:\/\/api.w.org\/{rel}","templated":true}]}}