{"id":53239,"date":"2026-02-04T23:07:51","date_gmt":"2026-02-05T04:07:51","guid":{"rendered":"https:\/\/www.wiego.org\/?p=53239"},"modified":"2026-02-04T23:27:22","modified_gmt":"2026-02-05T04:27:22","slug":"davos-evidence-passee-fiscalite-economie-informelle","status":"publish","type":"post","link":"https:\/\/www.wiego.org\/fr\/blog\/davos-evidence-passee-fiscalite-economie-informelle\/","title":{"rendered":"\u00c0 Davos, une \u00e9vidence pass\u00e9e sous silence : fiscalit\u00e9 et \u00e9conomie informelle face \u00e0 la crise imminente de l\u2019emploi"},"content":{"rendered":"<p>Alors que les dirigeant\u00b7e\u00b7s du monde entier se sont r\u00e9uni\u00b7e\u00b7s en janvier \u00e0 Davos, en Suisse, \u00e0 l\u2019occasion de la 56e r\u00e9union annuelle du Forum \u00e9conomique mondial, les incertitudes g\u00e9opolitiques, l\u2019\u00e9mergence de nouvelles technologies et la transformation rapide des relations commerciales se sont impos\u00e9es comme des d\u00e9fis majeurs pour le monde du travail. Pour la communaut\u00e9 internationale du d\u00e9veloppement, un enjeu central persiste : comment garantir des conditions de vie et des moyens de subsistance d\u00e9cents dans un contexte de tensions g\u00e9o\u00e9conomiques incessantes et d\u2019effondrement de l\u2019ordre international fond\u00e9 sur des r\u00e8gles ?<\/p>\n<p>Les repr\u00e9sentant\u00b7e\u00b7s de gouvernement et les dirigeant\u00b7e\u00b7s d\u2019entreprise, tourn\u00e9\u00b7e\u00b7s vers la soi-disant \u00ab\u00a0<a href=\"https:\/\/www.weforum.org\/publications\/four-futures-for-jobs-in-the-new-economy-ai-and-talent-in-2030\/\">nouvelle \u00e9conomie<\/a>\u00a0\u00bb, mettent en avant la transformation des comp\u00e9tences ainsi que des r\u00e9formes macro\u00e9conomiques et r\u00e9glementaires comme des leviers essentiels pour concr\u00e9tiser les b\u00e9n\u00e9fices \u00e9conomiques et sociaux attendus. Toutefois, alors que leur attention se concentre principalement sur l\u2019intelligence artificielle et la r\u00e9volution num\u00e9rique, une question fondamentale reste en suspens\u00a0: qu\u2019en est-il des d\u00e9fis imm\u00e9diats li\u00e9s \u00e0 l\u2019emploi\u00a0?<\/p>\n<p>Selon le rapport de l\u2019Organisation internationale du Travail intitul\u00e9 \u00ab\u00a0<a href=\"https:\/\/www.ilo.org\/fr\/publications\/flagship-reports\/tendances-sociales-et-de-lemploi-2026\">Tendances sociales et de l\u2019emploi 2026<\/a>\u00a0\u00bb, environ 186\u00a0millions de personnes dans le monde sont sans emploi. Par ailleurs, l\u2019acc\u00e8s \u00e0 des emplois d\u00e9cents et stables demeure extr\u00eamement limit\u00e9. Par cons\u00e9quent, l\u2019\u00e9conomie informelle reste la <a href=\"https:\/\/www.ilo.org\/publications\/women-and-men-informal-economy-statistical-picture-third-edition\">principale forme d\u2019emploi<\/a> et constitue une source essentielle de moyens de subsistance pour la majorit\u00e9 des travailleuse\u00b7eur\u00b7s \u00e0 l\u2019\u00e9chelle mondiale.<\/p>\n<p>Malgr\u00e9 cette r\u00e9alit\u00e9, les travailleuse\u00b7eur\u00b7s de l\u2019informel continuent d\u2019\u00eatre exclu\u00b7e\u00b7s des d\u00e9bats sur l\u2019avenir du travail.<\/p>\n<h3>Les travailleuse\u00b7eur\u00b7s de l\u2019informel s\u2019acquittent d\u00e9j\u00e0 des imp\u00f4ts, et toute hausse suppl\u00e9mentaire leur serait pr\u00e9judiciable<\/h3>\n<p>Les travailleuse\u00b7eur\u00b7s de l\u2019informel devraient \u00eatre reconnu\u00b7e\u00b7s comme de v\u00e9ritables moteurs du d\u00e9veloppement et de la croissance \u00e9conomique. Dans des villes comme Accra, Bogot\u00e1 ou Dhaka, des communaut\u00e9s enti\u00e8res d\u00e9pendent des vendeuse\u00b7eur\u00b7s de rue ainsi que des commer\u00e7ant\u00b7e\u00b7s de march\u00e9 pour acc\u00e9der \u00e0 des aliments et \u00e0 des biens \u00e0 des prix abordables. \u00c0 l\u2019\u00e9chelle mondiale, en raison de l\u2019insuffisance des services sociaux et de soins, les femmes et les jeunes filles assument chaque jour environ <a href=\"https:\/\/policy-practice.oxfam.org\/fr\/resources\/celles-qui-comptent-reconnaitre-la-contribution-considerable-des-femmes-a-leconomie-pour-combattre-les-inegalites\/\">12,5\u00a0milliards d\u2019heures<\/a> de travail de soins non r\u00e9mun\u00e9r\u00e9.<\/p>\n<p>Pourtant, d\u00e8s lors que l\u2019\u00e9conomie informelle est \u00e9voqu\u00e9e, les travailleuse\u00b7eur\u00b7s de l\u2019informel sont bien souvent per\u00e7u\u00b7e\u00b7s comme des obstacles. Cette vision alimente ainsi un int\u00e9r\u00eat croissant pour la <a href=\"https:\/\/www.wiego.org\/fr\/blog\/justice-fiscale-protection-sociale-developpement\/\">r\u00e9glementation du travail informel<\/a>, notamment par la formalisation des entreprises informelles et leur int\u00e9gration dans l\u2019assiette fiscale. L\u2019argument avanc\u00e9 est que la formalisation permettrait de d\u00e9gager d\u2019importantes recettes publiques inexploit\u00e9es et de stimuler la croissance \u00e9conomique. Or, une <a href=\"https:\/\/www.ictd.ac\/publication\/price-simplicity-regressive-taxation-accras-informal-sector\/\">\u00e9tude men\u00e9e par WIEGO, en collaboration avec le Centre international pour la fiscalit\u00e9 et le d\u00e9veloppement<\/a>, montre que cette approche n\u00e9glige la diversit\u00e9 des taxes et paiements que les travailleuse\u00b7eur\u00b7s de l\u2019informel versent d\u00e9j\u00e0 aux autorit\u00e9s municipales et nationales. Elle tend \u00e9galement \u00e0 surestimer la capacit\u00e9 de ces travailleuse\u00b7eur\u00b7s \u00e0 contribuer davantage \u00e0 l\u2019imp\u00f4t, alors m\u00eame que leurs revenus sont faibles et instables. C\u2019est pourquoi alourdir la charge fiscale pesant sur les travailleuse\u00b7eur\u00b7s de l\u2019informel risque davantage de fragiliser leurs moyens de subsistance que de les am\u00e9liorer, en particulier dans les pays en d\u00e9veloppement o\u00f9 beaucoup peinent d\u00e9j\u00e0 \u00e0 survivre.<\/p>\n<h3>Dans la pratique, les imp\u00f4ts sur les soci\u00e9t\u00e9s diminuent tandis que les personnes aux revenus les plus faibles paient davantage<\/h3>\n<p>\u00c0 Davos, un th\u00e8me est revenu avec insistance\u00a0: <a href=\"https:\/\/www.weforum.org\/stories\/2026\/01\/africa-future-young-population\/\">l\u2019optimisme persistant<\/a> quant \u00e0 la capacit\u00e9 du secteur priv\u00e9 \u00e0 cr\u00e9er de la richesse et des emplois. Cet optimisme contraste pourtant avec les r\u00e9sultats de nombreuses \u00e9tudes montrant que, dans beaucoup de r\u00e9gions du monde, <a href=\"https:\/\/www.ilo.org\/fr\/publications\/major-publications\/tendances-mondiales-de-lemploi-des-jeunes-2024\">la cr\u00e9ation d\u2019emplois n\u2019a pas r\u00e9ussi \u00e0 suivre le rythme<\/a> de croissance de la population en \u00e2ge de travailler. Des secteurs jug\u00e9s strat\u00e9giques \u2014\u00a0tels que l\u2019intelligence artificielle, l\u2019\u00e9nergie ou les infrastructures\u00a0\u2014 sont pr\u00e9sent\u00e9s comme des moteurs essentiels d\u2019un d\u00e9veloppement inclusif et durable. Dans cette perspective, les gouvernements sont incit\u00e9s \u00e0 stimuler l\u2019investissement des entreprises par des r\u00e9formes macro\u00e9conomiques visant \u00e0 faciliter l\u2019activit\u00e9 \u00e9conomique, \u00e0 favoriser la comp\u00e9titivit\u00e9 et \u00e0 renforcer la r\u00e9silience des diff\u00e9rents secteurs. Dans les faits, ces orientations se traduisent le plus souvent par des r\u00e9formes des politiques commerciales et fiscales reposant notamment sur une baisse de l\u2019imp\u00f4t sur les soci\u00e9t\u00e9s et sur une simplification des obligations r\u00e9glementaires au niveau national.<\/p>\n<p>Parall\u00e8lement, les politiques publiques tendent \u00e0 soutenir bien moins les activit\u00e9s relevant de l\u2019\u00e9conomie informelle que celles du secteur priv\u00e9 formel. Une <a href=\"https:\/\/www.wiego.org\/research-library-publications\/tight-tax-net-loose-safety-net-taxation-and-social-protection-accras-informal-sector\/\">\u00e9tude men\u00e9e en 2022 par WIEGO<\/a> aupr\u00e8s de 2\u00a0700 travailleuse\u00b7eur\u00b7s \u00e0 domicile, commer\u00e7ant\u00b7e\u00b7s de march\u00e9 et vendeuse\u00b7eur\u00b7s de rue \u00e0 Accra, au Ghana, met en \u00e9vidence le caract\u00e8re fortement r\u00e9gressif de la fiscalit\u00e9 dans le secteur informel\u00a0: les personnes aux revenus les plus faibles y consacrent 17\u00a0% de leurs revenus au paiement d\u2019imp\u00f4ts, de taxes et d\u2019autres pr\u00e9l\u00e8vements. Ces travailleuse\u00b7eur\u00b7s sont, de plus, largement exclu\u00b7e\u00b7s des dispositifs de protection sociale publique et fr\u00e9quemment confront\u00e9\u00b7e\u00b7s \u00e0 des formes d\u2019hostilit\u00e9 de la part des autorit\u00e9s, notamment sous la forme d\u2019expulsions, qui compromettent leur capacit\u00e9 \u00e0 subvenir \u00e0 leurs besoins.<\/p>\n<h3>La lutte contre l\u2019\u00e9vasion fiscale des entreprises pourrait d\u00e9gager des ressources pour financer la protection sociale<\/h3>\n<p>Dans la mesure o\u00f9 les travailleuse\u00b7eur\u00b7s de l\u2019informel ne sont g\u00e9n\u00e9ralement pas assujetti\u00b7e\u00b7s \u00e0 l\u2019imp\u00f4t sur le revenu, nombre d\u2019expert\u00b7e\u00b7s estiment que leur int\u00e9gration dans l\u2019assiette fiscale permettrait de r\u00e9duire les d\u00e9ficits de couverture en mati\u00e8re de protection sociale. Le discours dominant postule ainsi que l\u2019informalit\u00e9 constitue un frein \u00e0 la marge de man\u0153uvre budg\u00e9taire des \u00c9tats. Toutefois, les recherches men\u00e9es par WIEGO sugg\u00e8rent que l\u2019imposition accrue de travailleuse\u00b7eur\u00b7s de l\u2019informel vuln\u00e9rables est peu susceptible de produire les recettes substantielles escompt\u00e9es par les d\u00e9cideuse\u00b7eur\u00b7s politiques. En outre, plusieurs \u00e9tudes montrent que, bien qu\u2019elles\u00b7ils contribuent d\u00e9j\u00e0 aux recettes publiques \u00e0 diff\u00e9rents niveaux, les travailleuse\u00b7eur\u00b7s de l\u2019informel restent fr\u00e9quemment <a href=\"https:\/\/openknowledge.worldbank.org\/entities\/publication\/0445391c-9b64-4e6e-ad99-617dce4f27bc\">exclu\u00b7e\u00b7s de l\u2019acc\u00e8s aux services de base<\/a>.<\/p>\n<p>Alors que de nombreux gouvernements cherchent \u00e0 accro\u00eetre leurs recettes en \u00e9largissant la fiscalit\u00e9 aux travailleuse\u00b7eur\u00b7s de l\u2019informel, les recherches indiquent que les pays \u00e0 faible revenu perdent, du fait des pratiques fiscales abusives des entreprises, des montants \u00e9quivalents \u00e0 plus <a href=\"https:\/\/taxjustice.net\/reports\/the-state-of-tax-justice-2024\/\">d\u2019un tiers<\/a> de leur budget de sant\u00e9. Une <a href=\"https:\/\/researchonline.lse.ac.uk\/id\/eprint\/107919\/\">\u00e9tude portant sur 18 pays de l\u2019OCDE<\/a> n\u2019a par ailleurs \u00e9tabli aucun lien entre les baisses de l\u2019imp\u00f4t sur les soci\u00e9t\u00e9s et une augmentation de l\u2019emploi ou de la croissance \u00e9conomique sur une p\u00e9riode de cinquante ans. Ces politiques ont, en revanche, contribu\u00e9 \u00e0 accro\u00eetre la concentration des richesses, sans apporter de b\u00e9n\u00e9fices sociaux ou \u00e9conomiques notables. \u00c0 l\u2019inverse, l\u2019emploi dans l\u2019\u00e9conomie informelle est associ\u00e9 \u00e0 une <a href=\"https:\/\/www.wiego.org\/blog\/can-informal-employment-actually-reduce-poverty\/\">diminution de l\u2019extr\u00eame pauvret\u00e9<\/a> et constitue, dans de nombreuses r\u00e9gions, une source de revenus indispensable pour les femmes et les filles les plus vuln\u00e9rables. Malgr\u00e9 cela, la contribution de ces travailleuse\u00b7eur\u00b7s demeure largement sous-estim\u00e9e, voire d\u00e9form\u00e9e, dans les principaux d\u00e9bats relatifs aux politiques macro\u00e9conomiques.<\/p>\n<h3>Comment WIEGO s\u2019associe \u00e0 des organisations de travailleuse\u00b7eur\u00b7s pour promouvoir des emplois d\u00e9cents par des politiques fiscales \u00e9quitables<\/h3>\n<p>Depuis 2018, WIEGO plaide en faveur de <a href=\"https:\/\/www.wiego.org\/fr\/thematiques\/justice-fiscale\/\">la justice fiscale dans l\u2019\u00e9conomie informelle<\/a> afin de soutenir des moyens de subsistance d\u00e9cents dans certaines des r\u00e9gions les plus pauvres du monde. Nos travaux de recherche, qui analysent les effets des politiques fiscales r\u00e9gressives sur l\u2019\u00e9conomie informelle, bousculent les id\u00e9es re\u00e7ues quant \u00e0 la contribution des travailleuse\u00b7eur\u00b7s de l\u2019informel aux recettes publiques. Ils permettent \u00e9galement de mieux comprendre \u00e0 quoi servent les imp\u00f4ts et comment ils sont r\u00e9partis entre les budgets municipaux et nationaux. Gr\u00e2ce au soutien financier du Wellspring Philanthropic Fund et en partenariat avec StreetNet International, WIEGO poursuit cette dynamique \u00e0 travers des ateliers r\u00e9gionaux de formation. Ces ateliers visent \u00e0 donner aux travailleuse\u00b7eur\u00b7s et aux leaders de r\u00e9seaux et d\u2019organisations de base les moyens de n\u00e9gocier des syst\u00e8mes fiscaux plus justes.<\/p>\n<p>Voici les objectifs des ateliers\u00a0:<\/p>\n<ul>\n<li>Mettre en place un espace d\u2019\u00e9change o\u00f9 les travailleuse\u00b7eur\u00b7s peuvent acqu\u00e9rir et partager des connaissances sur les principaux enjeux fiscaux qui affectent les secteurs informels.<\/li>\n<li>Renforcer la compr\u00e9hension des participant\u00b7e\u00b7s quant \u00e0 ce que recouvre un syst\u00e8me fiscal \u00e9quitable et juste.<\/li>\n<li>Accompagner l\u2019\u00e9laboration de strat\u00e9gies de plaidoyer visant \u00e0 faire progresser les revendications en mati\u00e8re de fiscalit\u00e9.<\/li>\n<li>Consolider la capacit\u00e9 des travailleuse\u00b7eur\u00b7s et de leurs leaders \u00e0 intervenir sur les questions fiscales aux niveaux local, national et r\u00e9gional.<\/li>\n<\/ul>\n<p style=\"text-align: center\"><strong><em>Ces connaissances nous rendent autonomes pour exiger les changements n\u00e9cessaires afin d\u2019atteindre cet objectif.<\/em> \u2014\u00a0Participant\u00b7e \u00e0 l\u2019atelier d\u2019Accra<\/strong><\/p>\n<p>Le premier de ces ateliers de formation et d\u2019\u00e9ducation des travailleuse\u00b7eur\u00b7s s\u2019est tenu en 2025 et a \u00e9t\u00e9 consacr\u00e9 aux vendeuse\u00b7eur\u00b7s de rue et aux commer\u00e7ant\u00b7e\u00b7s de march\u00e9 d\u2019Accra. Le second aura lieu en 2026 \u00e0 Quito, en \u00c9quateur, et rassemblera des travailleuse\u00b7eur\u00b7s venant de l\u2019\u00c9quateur et de la Colombie.<\/p>\n<p>\u00c0 l\u2019heure o\u00f9 les d\u00e9cideuse\u00b7eur\u00b7s politiques cherchent \u00e0 accro\u00eetre les recettes fiscales, l\u2019objectif de WIEGO est de veiller \u00e0 ce que l\u2019effort fiscal ne repose pas de mani\u00e8re disproportionn\u00e9e sur les \u00e9paules des travailleuse\u00b7eur\u00b7s de l\u2019informel. Nos recherches entendent \u00e9largir le d\u00e9bat sur la formalisation en y int\u00e9grant pleinement le point de vue des travailleuse\u00b7eur\u00b7s concern\u00e9\u00b7e\u00b7s. Par ailleurs, nous explorons des m\u00e9canismes de financement innovants capables d\u2019offrir une protection aux travailleuse\u00b7eur\u00b7s de l\u2019informel sans compromettre les objectifs de d\u00e9veloppement aux niveaux national et international. Enfin, alors que le monde a les yeux riv\u00e9s sur la \u00ab\u00a0nouvelle \u00e9conomie\u00a0\u00bb, nous tenons \u00e0 rappeler aux dirigeant\u00b7e\u00b7s qu\u2019il ne peut pas y avoir d\u2019emplois de demain sans les travailleuse\u00b7eur\u00b7s d\u2019aujourd\u2019hui, dont une large part exerce dans l\u2019\u00e9conomie informelle.<\/p>\n","protected":false},"excerpt":{"rendered":"<p>Alors que les dirigeant\u00b7e\u00b7s du monde entier se sont r\u00e9uni\u00b7e\u00b7s en janvier \u00e0 Davos, en Suisse, \u00e0 l\u2019occasion de la 56e r\u00e9union annuelle du Forum \u00e9conomique mondial, les incertitudes g\u00e9opolitiques, l\u2019\u00e9mergence de nouvelles technologies et la transformation rapide des relations commerciales se sont impos\u00e9es comme des d\u00e9fis majeurs pour le monde du travail. Pour la [&hellip;]<\/p>\n","protected":false},"author":10,"featured_media":53238,"comment_status":"closed","ping_status":"open","sticky":false,"template":"","format":"standard","meta":{"_acf_changed":false,"_relevanssi_hide_post":"","_relevanssi_hide_content":"","_relevanssi_pin_for_all":"","_relevanssi_pin_keywords":"","_relevanssi_unpin_keywords":"","_relevanssi_related_keywords":"","_relevanssi_related_include_ids":"0","_relevanssi_related_exclude_ids":"","_relevanssi_related_no_append":"","_relevanssi_related_not_related":"","_relevanssi_related_posts":"26125,26761,47393,39825,26765,26730,26759,39835,26775,26123","_relevanssi_noindex_reason":"","footnotes":""},"class_list":["post-53239","post","type-post","status-publish","format-standard","has-post-thumbnail","hentry","economy-theme-financer-protection-sociale","economy-theme-justice-fiscale"],"acf":[],"yoast_head":"<!-- This site is optimized with the Yoast SEO Premium plugin v23.8 (Yoast SEO v27.4) - https:\/\/yoast.com\/product\/yoast-seo-premium-wordpress\/ -->\n<title>\u00c0 Davos, une \u00e9vidence pass\u00e9e sous silence : fiscalit\u00e9 et \u00e9conomie informelle face \u00e0 la crise imminente de l\u2019emploi - WIEGO<\/title>\n<meta name=\"robots\" content=\"index, follow, max-snippet:-1, max-image-preview:large, max-video-preview:-1\" \/>\n<link rel=\"canonical\" href=\"https:\/\/www.wiego.org\/fr\/blog\/davos-evidence-passee-fiscalite-economie-informelle\/\" \/>\n<meta property=\"og:locale\" content=\"fr_FR\" \/>\n<meta property=\"og:type\" content=\"article\" \/>\n<meta property=\"og:title\" content=\"\u00c0 Davos, une \u00e9vidence pass\u00e9e sous silence : fiscalit\u00e9 et \u00e9conomie informelle face \u00e0 la crise imminente de l\u2019emploi\" \/>\n<meta property=\"og:description\" content=\"Alors que les dirigeant\u00b7e\u00b7s du monde entier se sont r\u00e9uni\u00b7e\u00b7s en janvier \u00e0 Davos, en Suisse, \u00e0 l\u2019occasion de la 56e r\u00e9union annuelle du Forum \u00e9conomique mondial, les incertitudes g\u00e9opolitiques, l\u2019\u00e9mergence de nouvelles technologies et la transformation rapide des relations commerciales se sont impos\u00e9es comme des d\u00e9fis majeurs pour le monde du travail. Pour la [&hellip;]\" \/>\n<meta property=\"og:url\" content=\"https:\/\/www.wiego.org\/fr\/blog\/davos-evidence-passee-fiscalite-economie-informelle\/\" \/>\n<meta property=\"og:site_name\" content=\"WIEGO\" \/>\n<meta property=\"article:publisher\" content=\"https:\/\/www.facebook.com\/wiegoglobal\/\" \/>\n<meta property=\"article:published_time\" content=\"2026-02-05T04:07:51+00:00\" \/>\n<meta property=\"article:modified_time\" content=\"2026-02-05T04:27:22+00:00\" \/>\n<meta property=\"og:image\" content=\"https:\/\/www.wiego.org\/wp-content\/uploads\/2026\/02\/WIEGO-Blog_Tax-Justice_Thumbnail.jpg\" \/>\n\t<meta property=\"og:image:width\" content=\"2048\" \/>\n\t<meta property=\"og:image:height\" content=\"1365\" \/>\n\t<meta property=\"og:image:type\" content=\"image\/jpeg\" \/>\n<meta name=\"author\" content=\"juan\" \/>\n<meta name=\"twitter:card\" content=\"summary_large_image\" \/>\n<meta name=\"twitter:creator\" content=\"@wiegoglobal\" \/>\n<meta name=\"twitter:site\" content=\"@wiegoglobal\" \/>\n<meta name=\"twitter:label1\" content=\"Written by\" \/>\n\t<meta name=\"twitter:data1\" content=\"juan\" \/>\n\t<meta name=\"twitter:label2\" content=\"Est. reading time\" \/>\n\t<meta name=\"twitter:data2\" content=\"7 minutes\" \/>\n<script type=\"application\/ld+json\" class=\"yoast-schema-graph\">{\"@context\":\"https:\\\/\\\/schema.org\",\"@graph\":[{\"@type\":\"Article\",\"@id\":\"https:\\\/\\\/www.wiego.org\\\/fr\\\/blog\\\/davos-evidence-passee-fiscalite-economie-informelle\\\/#article\",\"isPartOf\":{\"@id\":\"https:\\\/\\\/www.wiego.org\\\/fr\\\/blog\\\/davos-evidence-passee-fiscalite-economie-informelle\\\/\"},\"author\":{\"name\":\"juan\",\"@id\":\"https:\\\/\\\/www.wiego.org\\\/fr\\\/#\\\/schema\\\/person\\\/cf9d18e80ddba12163728995f2590506\"},\"headline\":\"\u00c0 Davos, une \u00e9vidence pass\u00e9e sous silence : fiscalit\u00e9 et \u00e9conomie informelle face \u00e0 la crise imminente de l\u2019emploi\",\"datePublished\":\"2026-02-05T04:07:51+00:00\",\"dateModified\":\"2026-02-05T04:27:22+00:00\",\"mainEntityOfPage\":{\"@id\":\"https:\\\/\\\/www.wiego.org\\\/fr\\\/blog\\\/davos-evidence-passee-fiscalite-economie-informelle\\\/\"},\"wordCount\":1831,\"publisher\":{\"@id\":\"https:\\\/\\\/www.wiego.org\\\/fr\\\/#organization\"},\"image\":{\"@id\":\"https:\\\/\\\/www.wiego.org\\\/fr\\\/blog\\\/davos-evidence-passee-fiscalite-economie-informelle\\\/#primaryimage\"},\"thumbnailUrl\":\"https:\\\/\\\/www.wiego.org\\\/wp-content\\\/uploads\\\/2026\\\/02\\\/WIEGO-Blog_Tax-Justice_Thumbnail.jpg\",\"inLanguage\":\"fr-FR\"},{\"@type\":\"WebPage\",\"@id\":\"https:\\\/\\\/www.wiego.org\\\/fr\\\/blog\\\/davos-evidence-passee-fiscalite-economie-informelle\\\/\",\"url\":\"https:\\\/\\\/www.wiego.org\\\/fr\\\/blog\\\/davos-evidence-passee-fiscalite-economie-informelle\\\/\",\"name\":\"\u00c0 Davos, une \u00e9vidence pass\u00e9e sous silence : fiscalit\u00e9 et \u00e9conomie informelle face \u00e0 la crise imminente de l\u2019emploi - WIEGO\",\"isPartOf\":{\"@id\":\"https:\\\/\\\/www.wiego.org\\\/fr\\\/#website\"},\"primaryImageOfPage\":{\"@id\":\"https:\\\/\\\/www.wiego.org\\\/fr\\\/blog\\\/davos-evidence-passee-fiscalite-economie-informelle\\\/#primaryimage\"},\"image\":{\"@id\":\"https:\\\/\\\/www.wiego.org\\\/fr\\\/blog\\\/davos-evidence-passee-fiscalite-economie-informelle\\\/#primaryimage\"},\"thumbnailUrl\":\"https:\\\/\\\/www.wiego.org\\\/wp-content\\\/uploads\\\/2026\\\/02\\\/WIEGO-Blog_Tax-Justice_Thumbnail.jpg\",\"datePublished\":\"2026-02-05T04:07:51+00:00\",\"dateModified\":\"2026-02-05T04:27:22+00:00\",\"breadcrumb\":{\"@id\":\"https:\\\/\\\/www.wiego.org\\\/fr\\\/blog\\\/davos-evidence-passee-fiscalite-economie-informelle\\\/#breadcrumb\"},\"inLanguage\":\"fr-FR\",\"potentialAction\":[{\"@type\":\"ReadAction\",\"target\":[\"https:\\\/\\\/www.wiego.org\\\/fr\\\/blog\\\/davos-evidence-passee-fiscalite-economie-informelle\\\/\"]}]},{\"@type\":\"ImageObject\",\"inLanguage\":\"fr-FR\",\"@id\":\"https:\\\/\\\/www.wiego.org\\\/fr\\\/blog\\\/davos-evidence-passee-fiscalite-economie-informelle\\\/#primaryimage\",\"url\":\"https:\\\/\\\/www.wiego.org\\\/wp-content\\\/uploads\\\/2026\\\/02\\\/WIEGO-Blog_Tax-Justice_Thumbnail.jpg\",\"contentUrl\":\"https:\\\/\\\/www.wiego.org\\\/wp-content\\\/uploads\\\/2026\\\/02\\\/WIEGO-Blog_Tax-Justice_Thumbnail.jpg\",\"width\":2048,\"height\":1365,\"caption\":\"R\u00e9union annuelle du Forum \u00e9conomique mondial 2026 \u00e0 Davos, en Suisse. Cr\u00e9dit photo : Thibaut Bouvier \\\/ Forum \u00e9conomique mondial\"},{\"@type\":\"WebSite\",\"@id\":\"https:\\\/\\\/www.wiego.org\\\/fr\\\/#website\",\"url\":\"https:\\\/\\\/www.wiego.org\\\/fr\\\/\",\"name\":\"WIEGO\",\"description\":\"\",\"publisher\":{\"@id\":\"https:\\\/\\\/www.wiego.org\\\/fr\\\/#organization\"},\"potentialAction\":[{\"@type\":\"SearchAction\",\"target\":{\"@type\":\"EntryPoint\",\"urlTemplate\":\"https:\\\/\\\/www.wiego.org\\\/fr\\\/?s={search_term_string}\"},\"query-input\":{\"@type\":\"PropertyValueSpecification\",\"valueRequired\":true,\"valueName\":\"search_term_string\"}}],\"inLanguage\":\"fr-FR\"},{\"@type\":\"Organization\",\"@id\":\"https:\\\/\\\/www.wiego.org\\\/fr\\\/#organization\",\"name\":\"WIEGO\",\"url\":\"https:\\\/\\\/www.wiego.org\\\/fr\\\/\",\"logo\":{\"@type\":\"ImageObject\",\"inLanguage\":\"fr-FR\",\"@id\":\"https:\\\/\\\/www.wiego.org\\\/fr\\\/#\\\/schema\\\/logo\\\/image\\\/\",\"url\":\"https:\\\/\\\/www.wiego.org\\\/wp-content\\\/uploads\\\/2024\\\/12\\\/logo.svg\",\"contentUrl\":\"https:\\\/\\\/www.wiego.org\\\/wp-content\\\/uploads\\\/2024\\\/12\\\/logo.svg\",\"width\":142,\"height\":90,\"caption\":\"WIEGO\"},\"image\":{\"@id\":\"https:\\\/\\\/www.wiego.org\\\/fr\\\/#\\\/schema\\\/logo\\\/image\\\/\"},\"sameAs\":[\"https:\\\/\\\/www.facebook.com\\\/wiegoglobal\\\/\",\"https:\\\/\\\/x.com\\\/wiegoglobal\",\"https:\\\/\\\/www.linkedin.com\\\/company\\\/wiego\\\/\",\"https:\\\/\\\/www.youtube.com\\\/user\\\/wiegoglobal\"],\"description\":\"WIEGO is a global network that supports the movement of workers in informal employment.\"},{\"@type\":\"BreadcrumbList\",\"itemListElement\":[{\"@type\":\"ListItem\",\"position\":1,\"item\":{\"@id\":\"https:\\\/\\\/www.wiego.org\\\/fr\\\/\",\"name\":\"WIEGO\"}},{\"@type\":\"ListItem\",\"position\":2,\"item\":{\"@id\":\"https:\\\/\\\/www.wiego.org\\\/fr\\\/blog\\\/\",\"name\":\"Blog WIEGO\"}}],\"@id\":\"\\\/#breadcrumb\"}]}<\/script>\n<!-- \/ Yoast SEO Premium plugin. -->","yoast_head_json":{"title":"\u00c0 Davos, une \u00e9vidence pass\u00e9e sous silence : fiscalit\u00e9 et \u00e9conomie informelle face \u00e0 la crise imminente de l\u2019emploi - WIEGO","robots":{"index":"index","follow":"follow","max-snippet":"max-snippet:-1","max-image-preview":"max-image-preview:large","max-video-preview":"max-video-preview:-1"},"canonical":"https:\/\/www.wiego.org\/fr\/blog\/davos-evidence-passee-fiscalite-economie-informelle\/","og_locale":"fr_FR","og_type":"article","og_title":"\u00c0 Davos, une \u00e9vidence pass\u00e9e sous silence : fiscalit\u00e9 et \u00e9conomie informelle face \u00e0 la crise imminente de l\u2019emploi","og_description":"Alors que les dirigeant\u00b7e\u00b7s du monde entier se sont r\u00e9uni\u00b7e\u00b7s en janvier \u00e0 Davos, en Suisse, \u00e0 l\u2019occasion de la 56e r\u00e9union annuelle du Forum \u00e9conomique mondial, les incertitudes g\u00e9opolitiques, l\u2019\u00e9mergence de nouvelles technologies et la transformation rapide des relations commerciales se sont impos\u00e9es comme des d\u00e9fis majeurs pour le monde du travail. Pour la [&hellip;]","og_url":"https:\/\/www.wiego.org\/fr\/blog\/davos-evidence-passee-fiscalite-economie-informelle\/","og_site_name":"WIEGO","article_publisher":"https:\/\/www.facebook.com\/wiegoglobal\/","article_published_time":"2026-02-05T04:07:51+00:00","article_modified_time":"2026-02-05T04:27:22+00:00","og_image":[{"width":2048,"height":1365,"url":"https:\/\/www.wiego.org\/wp-content\/uploads\/2026\/02\/WIEGO-Blog_Tax-Justice_Thumbnail.jpg","type":"image\/jpeg"}],"author":"juan","twitter_card":"summary_large_image","twitter_creator":"@wiegoglobal","twitter_site":"@wiegoglobal","twitter_misc":{"Written by":"juan","Est. reading time":"7 minutes"},"schema":{"@context":"https:\/\/schema.org","@graph":[{"@type":"Article","@id":"https:\/\/www.wiego.org\/fr\/blog\/davos-evidence-passee-fiscalite-economie-informelle\/#article","isPartOf":{"@id":"https:\/\/www.wiego.org\/fr\/blog\/davos-evidence-passee-fiscalite-economie-informelle\/"},"author":{"name":"juan","@id":"https:\/\/www.wiego.org\/fr\/#\/schema\/person\/cf9d18e80ddba12163728995f2590506"},"headline":"\u00c0 Davos, une \u00e9vidence pass\u00e9e sous silence : fiscalit\u00e9 et \u00e9conomie informelle face \u00e0 la crise imminente de l\u2019emploi","datePublished":"2026-02-05T04:07:51+00:00","dateModified":"2026-02-05T04:27:22+00:00","mainEntityOfPage":{"@id":"https:\/\/www.wiego.org\/fr\/blog\/davos-evidence-passee-fiscalite-economie-informelle\/"},"wordCount":1831,"publisher":{"@id":"https:\/\/www.wiego.org\/fr\/#organization"},"image":{"@id":"https:\/\/www.wiego.org\/fr\/blog\/davos-evidence-passee-fiscalite-economie-informelle\/#primaryimage"},"thumbnailUrl":"https:\/\/www.wiego.org\/wp-content\/uploads\/2026\/02\/WIEGO-Blog_Tax-Justice_Thumbnail.jpg","inLanguage":"fr-FR"},{"@type":"WebPage","@id":"https:\/\/www.wiego.org\/fr\/blog\/davos-evidence-passee-fiscalite-economie-informelle\/","url":"https:\/\/www.wiego.org\/fr\/blog\/davos-evidence-passee-fiscalite-economie-informelle\/","name":"\u00c0 Davos, une \u00e9vidence pass\u00e9e sous silence : fiscalit\u00e9 et \u00e9conomie informelle face \u00e0 la crise imminente de l\u2019emploi - WIEGO","isPartOf":{"@id":"https:\/\/www.wiego.org\/fr\/#website"},"primaryImageOfPage":{"@id":"https:\/\/www.wiego.org\/fr\/blog\/davos-evidence-passee-fiscalite-economie-informelle\/#primaryimage"},"image":{"@id":"https:\/\/www.wiego.org\/fr\/blog\/davos-evidence-passee-fiscalite-economie-informelle\/#primaryimage"},"thumbnailUrl":"https:\/\/www.wiego.org\/wp-content\/uploads\/2026\/02\/WIEGO-Blog_Tax-Justice_Thumbnail.jpg","datePublished":"2026-02-05T04:07:51+00:00","dateModified":"2026-02-05T04:27:22+00:00","breadcrumb":{"@id":"https:\/\/www.wiego.org\/fr\/blog\/davos-evidence-passee-fiscalite-economie-informelle\/#breadcrumb"},"inLanguage":"fr-FR","potentialAction":[{"@type":"ReadAction","target":["https:\/\/www.wiego.org\/fr\/blog\/davos-evidence-passee-fiscalite-economie-informelle\/"]}]},{"@type":"ImageObject","inLanguage":"fr-FR","@id":"https:\/\/www.wiego.org\/fr\/blog\/davos-evidence-passee-fiscalite-economie-informelle\/#primaryimage","url":"https:\/\/www.wiego.org\/wp-content\/uploads\/2026\/02\/WIEGO-Blog_Tax-Justice_Thumbnail.jpg","contentUrl":"https:\/\/www.wiego.org\/wp-content\/uploads\/2026\/02\/WIEGO-Blog_Tax-Justice_Thumbnail.jpg","width":2048,"height":1365,"caption":"R\u00e9union annuelle du Forum \u00e9conomique mondial 2026 \u00e0 Davos, en Suisse. Cr\u00e9dit photo : Thibaut Bouvier \/ Forum \u00e9conomique mondial"},{"@type":"WebSite","@id":"https:\/\/www.wiego.org\/fr\/#website","url":"https:\/\/www.wiego.org\/fr\/","name":"WIEGO","description":"","publisher":{"@id":"https:\/\/www.wiego.org\/fr\/#organization"},"potentialAction":[{"@type":"SearchAction","target":{"@type":"EntryPoint","urlTemplate":"https:\/\/www.wiego.org\/fr\/?s={search_term_string}"},"query-input":{"@type":"PropertyValueSpecification","valueRequired":true,"valueName":"search_term_string"}}],"inLanguage":"fr-FR"},{"@type":"Organization","@id":"https:\/\/www.wiego.org\/fr\/#organization","name":"WIEGO","url":"https:\/\/www.wiego.org\/fr\/","logo":{"@type":"ImageObject","inLanguage":"fr-FR","@id":"https:\/\/www.wiego.org\/fr\/#\/schema\/logo\/image\/","url":"https:\/\/www.wiego.org\/wp-content\/uploads\/2024\/12\/logo.svg","contentUrl":"https:\/\/www.wiego.org\/wp-content\/uploads\/2024\/12\/logo.svg","width":142,"height":90,"caption":"WIEGO"},"image":{"@id":"https:\/\/www.wiego.org\/fr\/#\/schema\/logo\/image\/"},"sameAs":["https:\/\/www.facebook.com\/wiegoglobal\/","https:\/\/x.com\/wiegoglobal","https:\/\/www.linkedin.com\/company\/wiego\/","https:\/\/www.youtube.com\/user\/wiegoglobal"],"description":"WIEGO is a global network that supports the movement of workers in informal employment."},{"@type":"BreadcrumbList","itemListElement":[{"@type":"ListItem","position":1,"item":{"@id":"https:\/\/www.wiego.org\/fr\/","name":"WIEGO"}},{"@type":"ListItem","position":2,"item":{"@id":"https:\/\/www.wiego.org\/fr\/blog\/","name":"Blog WIEGO"}}],"@id":"\/#breadcrumb"}]}},"_links":{"self":[{"href":"https:\/\/www.wiego.org\/fr\/wp-json\/wp\/v2\/posts\/53239","targetHints":{"allow":["GET"]}}],"collection":[{"href":"https:\/\/www.wiego.org\/fr\/wp-json\/wp\/v2\/posts"}],"about":[{"href":"https:\/\/www.wiego.org\/fr\/wp-json\/wp\/v2\/types\/post"}],"author":[{"embeddable":true,"href":"https:\/\/www.wiego.org\/fr\/wp-json\/wp\/v2\/users\/10"}],"replies":[{"embeddable":true,"href":"https:\/\/www.wiego.org\/fr\/wp-json\/wp\/v2\/comments?post=53239"}],"version-history":[{"count":2,"href":"https:\/\/www.wiego.org\/fr\/wp-json\/wp\/v2\/posts\/53239\/revisions"}],"predecessor-version":[{"id":53241,"href":"https:\/\/www.wiego.org\/fr\/wp-json\/wp\/v2\/posts\/53239\/revisions\/53241"}],"wp:featuredmedia":[{"embeddable":true,"href":"https:\/\/www.wiego.org\/fr\/wp-json\/wp\/v2\/media\/53238"}],"wp:attachment":[{"href":"https:\/\/www.wiego.org\/fr\/wp-json\/wp\/v2\/media?parent=53239"}],"curies":[{"name":"wp","href":"https:\/\/api.w.org\/{rel}","templated":true}]}}