{"id":26731,"date":"2022-02-07T12:00:00","date_gmt":"2022-02-07T17:00:00","guid":{"rendered":"https:\/\/wiego.local\/fr-la-creation-de-liens-entre-les-recuperatriceeurs-de-materiaux-pendant-la-pandemie\/"},"modified":"2025-03-07T16:53:09","modified_gmt":"2025-03-07T21:53:09","slug":"la-creation-de-liens-entre-les-recuperatriceeurs-de-materiaux-pendant-la-pandemie","status":"publish","type":"post","link":"https:\/\/www.wiego.org\/fr\/blog\/la-creation-de-liens-entre-les-recuperatriceeurs-de-materiaux-pendant-la-pandemie\/","title":{"rendered":"La cr\u00e9ation de liens entre les r\u00e9cup\u00e9ratrice\u00b7eur\u00b7s de mat\u00e9riaux pendant la pand\u00e9mie"},"content":{"rendered":"<p class=\"text-align-center\"><a class=\"btn btn-orange\" data-entity-substitution=\"canonical\" data-entity-type=\"node\" data-entity-uuid=\"1ad67d57-92e8-4cf7-a41a-a7a7f9adba18\" href=\"https:\/\/www.wiego.org\/fr\/blog\/conectando-os-catadores-de-residuos-durante-pandemia\/\">Portugu\u00eas<\/a><br \/>\n\u00a0<\/p>\n<p>La pand\u00e9mie de la COVID-19 a eu de graves r\u00e9percussions sur les r\u00e9cup\u00e9ratrice\u00b7eur\u00b7s de mat\u00e9riaux au Br\u00e9sil, qui n\u2019avaient pas la protection n\u00e9cessaire pour exercer sans risques leur activit\u00e9 et ainsi conserver leurs moyens de subsistance. Le projet de WIEGO <em><a data-entity-substitution=\"canonical\" data-entity-type=\"node\" data-entity-uuid=\"e3a246d3-29cc-4bbd-81fa-a259844b8afe\" href=\"\/catasaude\">CataSa\u00fade Viraliza<\/a><\/em> (\u00ab\u00a0La sant\u00e9 dans la r\u00e9cup devient virale\u00a0\u00bb) \u2013un cours en ligne de renforcement des <sdt id=\"-579682087\" sdttag=\"goog_rdk_1\"><\/sdt><sdt id=\"-1169322573\" sdttag=\"goog_rdk_2\"><\/sdt>capacit\u00e9s\u00a0\u2013a vu le jour au Br\u00e9sil en 2020 pour r\u00e9pondre \u00e0 ces d\u00e9fis. Il s\u2019est fix\u00e9 pour but de mieux faire conna\u00eetre les protocoles pour la COVID-19, le travail digne, les strat\u00e9gies d\u2019adaptation et le travail d\u2019organisation. Un autre objectif important consistait \u00e0 cr\u00e9er des liens durables \u2013et ce \u00e0 une \u00e9poque d\u2019isolement \u2013entre les travailleuse\u00b7eur\u00b7s organis\u00e9\u00b7e\u00b7s et autonomes, ainsi qu\u2019entre les r\u00e9cup\u00e9ratrice\u00b7eur\u00b7s de mat\u00e9riaux en Am\u00e9rique latine.<\/p>\n<p>Nous avons con\u00e7u et mis en \u0153uvre ce projet conjointement avec plusieurs partenaires, dont le <a href=\"https:\/\/www.mncr.org.br\/\">Mouvement national des r\u00e9cup\u00e9ratrice\u00b7eur\u00b7s de mat\u00e9riaux recyclables<\/a> du Br\u00e9sil (MNCR), <a href=\"http:\/\/www.insea.org.br\/\">l\u2019Institut <\/a><a href=\"http:\/\/www.insea.org.br\/\">Nenuca<\/a><a href=\"http:\/\/www.insea.org.br\/\"> pour le d\u00e9veloppement durable<\/a> (INSEA), l\u2019Observatoire pour le recyclage inclusif (ORIS), le Centre d\u2019alternatives de production (\u00ab\u00a0N\u00facleo AlterNativas de Produ\u00e7\u00e3o\u00a0\u00bb) de l\u2019Universit\u00e9 f\u00e9d\u00e9rale du Minas G\u00e9rais et \u00ab\u00a0<a href=\"https:\/\/pimpmycarroca.com\/\">Pimp my Carro\u00e7a<\/a>\u00a0\u00bb [un mouvement de visibilit\u00e9 de r\u00e9cup\u00e9ratrice\u00b7eur\u00b7s].<\/p>\n<p>Une \u00e9quipe de 40 personnes issues des diff\u00e9rents partenariats a collabor\u00e9 \u00e0 distance dans le but d\u2019animer ce cours, auquel 456 participant\u00b7e\u00b7s se sont inscrit\u00b7e\u00b7s en mars 2021. En outre, nous avions une liste de retransmission contenant pr\u00e8s de 150 r\u00e9cup\u00e9ratrice\u00b7eur\u00b7s de mat\u00e9riaux qui, sans \u00eatre formellement inscrit\u00b7e\u00b7s au cours, pouvaient acc\u00e9der \u00e0 son contenu (mais sans pouvoir participer aux groupes interactifs de discussion sur WhatsApp). Parmi les participant\u00b7e\u00b7s inscrit\u00b7e\u00b7s, un peu plus d\u2019un quart \u00e9taient des travailleuse\u00b7eur\u00b7s autonomes et plus de 60\u00a0% des r\u00e9cup\u00e9ratrices de mat\u00e9riaux. Nous avons fini par avoir 200 followers suppl\u00e9mentaires sur YouTube et presque 400 sur Facebook, des femmes pour la plupart.<\/p>\n<figure role=\"group\" class=\"align-center\"><img decoding=\"async\" alt=\"Invitation \u00e0 un \u00e9v\u00e8nement en ligne sur la vaccination\" data-entity-type=\"file\" data-entity-uuid=\"b5a53c3e-1a87-4a6e-9abe-ef964a7608da\" src=\"\/sites\/default\/files\/inline-images\/invitation_to_an_online_Live_event_vaccination.jpg\" width=\"656\" height=\"820\" loading=\"lazy\" \/><figcaption>Invitation \u00e0 un \u00e9v\u00e8nement en ligne sur la vaccination<\/figcaption><\/figure>\n<p>Ce fut une exp\u00e9rience unique pour beaucoup de travailleuse\u00b7eur\u00b7s qui, pour la premi\u00e8re fois, \u00e9changeaient leurs exp\u00e9riences avec des r\u00e9cup\u00e9ratrice\u00b7eur\u00b7s de mat\u00e9riaux \u00e0 l\u2019autre bout de ce vaste pays qu\u2019est le Br\u00e9sil, et m\u00eame de l\u2019Am\u00e9rique latine. C\u2019est le caract\u00e8re num\u00e9rique particulier du cours qui a rendu cela possible et qui a permis un large \u00e9ventail de participant\u00b7e\u00b7s.<\/p>\n<p>Pour une dirigeante du MNCR, Madalena Duarte, \u00ab\u00a0CataSa\u00fade a \u00e9t\u00e9 un jalon\u00a0\u00bb qui a encourag\u00e9 les r\u00e9cup\u00e9ratrice\u00b7eur\u00b7s de mat\u00e9riaux \u00ab\u00a0\u00e0 se d\u00e9velopper\u00a0\u00bb.<\/p>\n<p>Le recours \u00e0 des outils populaires d\u2019\u00e9ducation et de communication, tels que l\u2019utilisation d\u2019un langage adapt\u00e9 et de formats vari\u00e9s, notamment la vid\u00e9o, l\u2019audio et des fiches, ont \u00e9t\u00e9 des \u00e9l\u00e9ments cl\u00e9s du cours. C\u2019est gr\u00e2ce \u00e0 un flux continu de communication que les participant\u00b7e\u00b7s ont maintenu leur engagement.<\/p>\n<p>Le cours s\u2019est d\u00e9roul\u00e9 \u00e0 l\u2019aide de trois plateformes num\u00e9riques. Nous avons discut\u00e9 sur le contenu de chaque module sur WhatsApp qui faisait office de salle de cours, et nous avons pr\u00e9vu plusieurs moments pour que les participant\u00b7e\u00b7s prennent part \u00e0 des \u00e9changes. Facebook, pour sa part, a servi de biblioth\u00e8que pour consulter le contenu du cours et les ressources compl\u00e9mentaires. \u00c0 travers les Facebook Lives (\u00e9v\u00e8nements en direct) ouverts et interactifs et sur YouTube, le projet a rendu possible des discussions bas\u00e9es sur les exp\u00e9riences des travailleuse\u00b7eur\u00b7s, ainsi que sur un contenu de qualit\u00e9 concernant diff\u00e9rentes questions th\u00e9matiques \u2013y compris avec des bureaucrates et des expert\u00b7e\u00b7s techniques\u2013 pour un public plus large de r\u00e9cup\u00e9ratrice\u00b7eur\u00b7s de mat\u00e9riaux. Les \u00e9v\u00e8nements en direct d\u00e9marraient toujours par un court <a href=\"https:\/\/www.youtube.com\/playlist?list=PLcowp-QmnlmKaw65ni04XRKQq0AoDYP2L\">sketch de clown p\u00e9dagogique<\/a> (en portugais).<\/p>\n<p>L\u2019accent a \u00e9t\u00e9 mis sur la participation des r\u00e9cup\u00e9ratrice\u00b7eur\u00b7s de mat\u00e9riaux, y compris lors de la cr\u00e9ation du cours, en aidant \u00e0 choisir les th\u00e9matiques d\u2019\u00e9tude et en organisant les sketchs de th\u00e9\u00e2tre. Nous avons abord\u00e9 une grande diversit\u00e9 de th\u00e9matiques, notamment la vie dans le secteur de la r\u00e9cup\u00e9ration en temps de pand\u00e9mie\u00a0; l\u2019am\u00e9lioration des syst\u00e8mes de collecte s\u00e9lective de d\u00e9chets et la protection des r\u00e9cup\u00e9ratrice\u00b7eur\u00b7s de mat\u00e9riaux pendant la COVID-19\u00a0; ainsi que les vaccins, les strat\u00e9gies \u00e9conomiques et la s\u00e9curit\u00e9 sociale, un sujet ajout\u00e9 suite \u00e0 la demande des r\u00e9cup\u00e9ratrice\u00b7eur\u00b7s.<\/p>\n<p>Ce sont surtout les participant\u00b7e\u00b7s qui ont diffus\u00e9 les informations et ont fait office de mobilisatrice\u00b7eur\u00b7s pour les protocoles face \u00e0 la COVID-19. D\u2019apr\u00e8s notre sondage final, les participant\u00b7e\u00b7s ont d\u00e9clar\u00e9 avoir une meilleure compr\u00e9hension de ces protocoles apr\u00e8s avoir suivi le cours.<\/p>\n<p>Nous avons organis\u00e9 deux s\u00e9ances visant \u00e0 faciliter la cr\u00e9ation de liens entre les r\u00e9cup\u00e9ratrice\u00b7eur\u00b7s de mat\u00e9riaux de l\u2019Am\u00e9rique latine. Ces \u00e9changes ont \u00e9t\u00e9 l\u2019occasion de parler de CataSa\u00fade Viraliza et du soutien apport\u00e9 au secr\u00e9tariat du mouvement br\u00e9silien des r\u00e9cup\u00e9ratrice\u00b7eur\u00b7s de mat\u00e9riaux dans le cadre du financement. Nous avons \u00e9galement invit\u00e9 des participant\u00b7e\u00b7s d\u2019autres pays \u2013comme la Colombie, l\u2019Argentine et le Chili\u2013 \u00e0 partager leurs exp\u00e9riences dans la lutte contre la COVID-19. C\u2019\u00e9tait une s\u00e9ance tr\u00e8s importante, car elle a donn\u00e9 \u00e0 nos participant\u00b7e\u00b7s l\u2019occasion d\u2019interagir avec des travailleuse\u00b7eur\u00b7s de diff\u00e9rents pays, surtout pour celles\u00b7ceux qui le faisaient pour la premi\u00e8re fois.<\/p>\n<p>Tout ce dont les r\u00e9cup\u00e9ratrice\u00b7eur\u00b7s de mat\u00e9riaux participant au cours nous ont fait part t\u00e9moigne de liens plus \u00e9troits entre les r\u00e9cup\u00e9ratrice\u00b7eur\u00b7s organis\u00e9\u00b7e\u00b7s et autonomes. Un r\u00e9cup\u00e9rateur non-organis\u00e9 d\u00e9clarait ceci\u00a0:<\/p>\n<blockquote>\n<p>\u00ab\u00a0Je suis tr\u00e8s heureux d\u2019avoir particip\u00e9 \u00e0 cette interaction, de rencontrer toutes ces personnes. Elle m\u2019a fortement marqu\u00e9. Je me sens repr\u00e9sent\u00e9 par vous et ce parcours d\u2019apprentissage a \u00e9t\u00e9 gratifiant, d\u2019\u00e9change d\u2019id\u00e9es, et pas uniquement sur ce que nous endurons. Toute la discussion sur l\u2019EPI a \u00e9t\u00e9 utile et pour de nombreux moments de notre quotidien. Ce sont des choses qui peuvent contribuer \u00e0 ce qu\u2019un\u00b7e r\u00e9cup\u00e9ratice\u00b7eur de mat\u00e9riaux se sente valoris\u00e9\u00b7e, \u00e0 rendre le travail plus digne.\u00a0\u00bb<\/p>\n<\/blockquote>\n<figure role=\"group\" class=\"align-center\"><img decoding=\"async\" alt=\"Carte d\u2019invitation pour l\u2019\u00e9change avec l\u2019Am\u00e9rique latine\" data-entity-type=\"file\" data-entity-uuid=\"f2bde95a-3517-4937-bffd-d355f9eb514c\" src=\"\/sites\/default\/files\/inline-images\/invitation_card_for_the_latin_america_exchange.jpg\" width=\"656\" height=\"656\" loading=\"lazy\" \/><figcaption>Carte d\u2019invitation pour l\u2019\u00e9change avec l\u2019Am\u00e9rique latine<\/figcaption><\/figure>\n<p>Le cours a cr\u00e9\u00e9 un espace s\u00fbr au b\u00e9n\u00e9fice des r\u00e9cup\u00e9ratrice\u00b7eur\u00b7s de mat\u00e9riaux qui leur a permis d\u2019\u00e9changer des exp\u00e9riences et des id\u00e9es, surtout face \u00e0 l\u2019isolement que beaucoup vivaient \u00e0 l\u2019\u00e9poque.<\/p>\n<blockquote>\n<p>\u00ab\u00a0Le contenu a permis de lever des interrogations sur la COVID-19. Le cours est arriv\u00e9 au bon moment, alors qu\u2019il y avait une forte pression psychologique. La participation au groupe et aux \u00e9v\u00e8nements en direct m\u2019a servi de th\u00e9rapie.\u00a0\u00bb \u2013 Evaldo Cristiano Garcia, un r\u00e9cup\u00e9rateur de mat\u00e9riaux autonome.<\/p>\n<\/blockquote>\n<p>Le cours a \u00e9galement servi \u00e0 sensibiliser les leaders des r\u00e9cup\u00e9ratrice\u00b7eur\u00b7s de mat\u00e9riaux aux d\u00e9fis personnels qu\u2019affrontent les travailleuse\u00b7eur\u00b7s dans des circonstances diverses. Nous avons maintenant mis en place un groupe WhatsApp pour discuter de probl\u00e8mes locaux, de sorte que les informations soient d\u00e9centralis\u00e9es et contribuent \u00e0 aborder des questions sp\u00e9cifiques touchant les travailleuse\u00b7eur\u00b7s dans certaines localit\u00e9s.<\/p>\n<p>Par le biais de ce projet, nous avons apport\u00e9 un soutien mat\u00e9riel imm\u00e9diat \u00e0 quinze actions locales d\u2019entraide dans dix villes du Br\u00e9sil \u2013tel que de l\u2019\u00e9quipement de protection individuelle, du d\u00e9sinfectant pour les mains, des paniers alimentaires\u2013. Suivant l\u2019endroit, les travailleuse\u00b7eur\u00b7s ont pu entamer un dialogue avec des agent\u00b7e\u00b7s de la municipalit\u00e9 et faire part de leurs besoins, dans certains cas m\u00eame en mati\u00e8re de vaccin.<\/p>\n<figure role=\"group\" class=\"align-center\"><img decoding=\"async\" alt=\"Une fiche graphique d\u2019une des initiatives d\u2019entraide\" data-entity-type=\"file\" data-entity-uuid=\"0b4dc604-7fca-4c3c-9238-fcd46172e179\" src=\"\/sites\/default\/files\/inline-images\/a_visual_card_from_one_of_the_mutual_aid_efforts.jpg\" width=\"656\" height=\"820\" loading=\"lazy\" \/><figcaption>Une fiche graphique d\u2019une des initiatives d\u2019entraide<\/figcaption><\/figure>\n<p>Apr\u00e8s le cours, on a propos\u00e9 aux participant\u00b7e\u00b7s la possibilit\u00e9 de rejoindre les groupes existants de WhatsApp, dont un cr\u00e9\u00e9 par le mouvement national des r\u00e9cup\u00e9ratrice\u00b7eur\u00b7s de mat\u00e9riaux et un autre mixte. Et beaucoup les ont rejoints.<\/p>\n<p>Parmi les facteurs cl\u00e9s du succ\u00e8s de CataSa\u00fade, figurent l\u2019engagement, le d\u00e9vouement et la cr\u00e9ativit\u00e9 de toute l\u2019\u00e9quipe : la coordination, les formatrice\u00b7eur\u00b7s, les animatrice\u00b7eur\u00b7s en ligne et les \u00ab\u00a0catadores\u00a0\u00bb [r\u00e9cup\u00e9ratrice\u00b7eur\u00b7s] qui ont travaill\u00e9 \u00e0 la mobilisation. \u00c0 une \u00e9poque o\u00f9 r\u00e9gnaient l\u2019incertitude, le stress et le deuil, l\u2019utilisation de perspectives interdisciplinaires et la construction d\u2019un r\u00e9seau de solidarit\u00e9 \u00e0 travers le pays ont aid\u00e9 CataSa\u00fade \u00e0 maintenir son \u00e9lan.<\/p>\n<p>Outre une meilleure connaissance des protocoles pour la COVID-19 et pour la s\u00e9curit\u00e9 sur les lieux de travail, l\u2019une des grandes r\u00e9alisations de ce cours en ligne fut l\u2019instauration de relations bas\u00e9es sur la confiance entre les travailleuse\u00b7eur\u00b7s organis\u00e9\u00b7e\u00b7s et autonomes et les partenaires. Nous esp\u00e9rons que ces synergies se r\u00e9v\u00e8leront utiles lors des actions collectives \u00e0 venir.<\/p>\n<p><em>Le projet a \u00e9t\u00e9 financ\u00e9 par l&#8217;Open Society Foundations et par WIEGO.<\/em><\/p>\n<hr \/>\n<h5>Photo en haut : Annonce du projet CataSa\u00fade Viraliza au Br\u00e9sil<\/h5>\n","protected":false},"excerpt":{"rendered":"<p>Le projet de WIEGO CataSa\u00fade Viraliza \u2013un cours en ligne de renforcement des capacit\u00e9s \u2013a vu le jour au Br\u00e9sil en 2020 pour r\u00e9pondre aux d\u00e9fis pos\u00e9s par la pand\u00e9mie de la COVID-19. Un objectif important du projet consistait \u00e0 cr\u00e9er des liens durables \u2013et ce \u00e0 une \u00e9poque d\u2019isolement\u2013 entre les travailleuse\u00b7eur\u00b7s organis\u00e9\u00b7e\u00b7s et autonomes, ainsi qu\u2019entre les r\u00e9cup\u00e9ratrice\u00b7eur\u00b7s de mat\u00e9riaux en Am\u00e9rique latine.<\/p>\n","protected":false},"author":2,"featured_media":17261,"comment_status":"closed","ping_status":"closed","sticky":false,"template":"","format":"standard","meta":{"_acf_changed":false,"_relevanssi_hide_post":"","_relevanssi_hide_content":"","_relevanssi_pin_for_all":"","_relevanssi_pin_keywords":"","_relevanssi_unpin_keywords":"","_relevanssi_related_keywords":"","_relevanssi_related_include_ids":"","_relevanssi_related_exclude_ids":"","_relevanssi_related_no_append":"","_relevanssi_related_not_related":"","_relevanssi_related_posts":"","_relevanssi_noindex_reason":"","footnotes":""},"class_list":["post-26731","post","type-post","status-publish","format-standard","has-post-thumbnail","hentry","economy-theme-covid-19-crisis-study","economy-theme-estudio-crisis-covid-19","occupational-group-recuperatriceeurs-de-materiaux","region-les-ameriques"],"acf":[],"yoast_head":"<!-- This site is optimized with the Yoast SEO Premium plugin v23.8 (Yoast SEO v27.4) - https:\/\/yoast.com\/product\/yoast-seo-premium-wordpress\/ -->\n<title>La cr\u00e9ation de liens entre les r\u00e9cup\u00e9ratrice\u00b7eur\u00b7s de mat\u00e9riaux pendant la pand\u00e9mie - WIEGO<\/title>\n<meta name=\"robots\" content=\"index, follow, max-snippet:-1, max-image-preview:large, max-video-preview:-1\" \/>\n<link rel=\"canonical\" href=\"https:\/\/www.wiego.org\/fr\/blog\/la-creation-de-liens-entre-les-recuperatriceeurs-de-materiaux-pendant-la-pandemie\/\" \/>\n<meta property=\"og:locale\" content=\"fr_FR\" \/>\n<meta property=\"og:type\" content=\"article\" \/>\n<meta property=\"og:title\" content=\"La cr\u00e9ation de liens entre les r\u00e9cup\u00e9ratrice\u00b7eur\u00b7s de mat\u00e9riaux pendant la pand\u00e9mie\" \/>\n<meta property=\"og:description\" content=\"Le projet de WIEGO CataSa\u00fade Viraliza \u2013un cours en ligne de renforcement des capacit\u00e9s \u2013a vu le jour au Br\u00e9sil en 2020 pour r\u00e9pondre aux d\u00e9fis pos\u00e9s par la pand\u00e9mie de la COVID-19. Un objectif important du projet consistait \u00e0 cr\u00e9er des liens durables \u2013et ce \u00e0 une \u00e9poque d\u2019isolement\u2013 entre les travailleuse\u00b7eur\u00b7s organis\u00e9\u00b7e\u00b7s et autonomes, ainsi qu\u2019entre les r\u00e9cup\u00e9ratrice\u00b7eur\u00b7s de mat\u00e9riaux en Am\u00e9rique latine.\" \/>\n<meta property=\"og:url\" content=\"https:\/\/www.wiego.org\/fr\/blog\/la-creation-de-liens-entre-les-recuperatriceeurs-de-materiaux-pendant-la-pandemie\/\" \/>\n<meta property=\"og:site_name\" content=\"WIEGO\" \/>\n<meta property=\"article:publisher\" content=\"https:\/\/www.facebook.com\/wiegoglobal\/\" \/>\n<meta property=\"article:published_time\" content=\"2022-02-07T17:00:00+00:00\" \/>\n<meta property=\"article:modified_time\" content=\"2025-03-07T21:53:09+00:00\" \/>\n<meta property=\"og:image\" content=\"https:\/\/www.wiego.org\/wp-content\/uploads\/2021\/04\/CataSaude_Hero.jpg\" \/>\n\t<meta property=\"og:image:width\" content=\"1140\" \/>\n\t<meta property=\"og:image:height\" content=\"430\" \/>\n\t<meta property=\"og:image:type\" content=\"image\/jpeg\" \/>\n<meta name=\"author\" content=\"The WIEGO Team\" \/>\n<meta name=\"twitter:card\" content=\"summary_large_image\" \/>\n<meta name=\"twitter:creator\" content=\"@wiegoglobal\" \/>\n<meta name=\"twitter:site\" content=\"@wiegoglobal\" \/>\n<meta name=\"twitter:label1\" content=\"Written by\" \/>\n\t<meta name=\"twitter:data1\" content=\"The WIEGO Team\" \/>\n\t<meta name=\"twitter:label2\" content=\"Est. reading time\" \/>\n\t<meta name=\"twitter:data2\" content=\"8 minutes\" \/>\n<script type=\"application\/ld+json\" class=\"yoast-schema-graph\">{\"@context\":\"https:\\\/\\\/schema.org\",\"@graph\":[{\"@type\":\"Article\",\"@id\":\"https:\\\/\\\/www.wiego.org\\\/fr\\\/blog\\\/la-creation-de-liens-entre-les-recuperatriceeurs-de-materiaux-pendant-la-pandemie\\\/#article\",\"isPartOf\":{\"@id\":\"https:\\\/\\\/www.wiego.org\\\/fr\\\/blog\\\/la-creation-de-liens-entre-les-recuperatriceeurs-de-materiaux-pendant-la-pandemie\\\/\"},\"author\":{\"name\":\"The WIEGO Team\",\"@id\":\"https:\\\/\\\/www.wiego.org\\\/fr\\\/#\\\/schema\\\/person\\\/a59b513607ebe888542e7f3325fc7769\"},\"headline\":\"La cr\u00e9ation de liens entre les r\u00e9cup\u00e9ratrice\u00b7eur\u00b7s de mat\u00e9riaux pendant la pand\u00e9mie\",\"datePublished\":\"2022-02-07T17:00:00+00:00\",\"dateModified\":\"2025-03-07T21:53:09+00:00\",\"mainEntityOfPage\":{\"@id\":\"https:\\\/\\\/www.wiego.org\\\/fr\\\/blog\\\/la-creation-de-liens-entre-les-recuperatriceeurs-de-materiaux-pendant-la-pandemie\\\/\"},\"wordCount\":1651,\"publisher\":{\"@id\":\"https:\\\/\\\/www.wiego.org\\\/fr\\\/#organization\"},\"image\":{\"@id\":\"https:\\\/\\\/www.wiego.org\\\/fr\\\/blog\\\/la-creation-de-liens-entre-les-recuperatriceeurs-de-materiaux-pendant-la-pandemie\\\/#primaryimage\"},\"thumbnailUrl\":\"https:\\\/\\\/www.wiego.org\\\/wp-content\\\/uploads\\\/2021\\\/04\\\/CataSaude_Hero.jpg\",\"articleSection\":[\"Non classifi\u00e9(e)\"],\"inLanguage\":\"fr-FR\"},{\"@type\":\"WebPage\",\"@id\":\"https:\\\/\\\/www.wiego.org\\\/fr\\\/blog\\\/la-creation-de-liens-entre-les-recuperatriceeurs-de-materiaux-pendant-la-pandemie\\\/\",\"url\":\"https:\\\/\\\/www.wiego.org\\\/fr\\\/blog\\\/la-creation-de-liens-entre-les-recuperatriceeurs-de-materiaux-pendant-la-pandemie\\\/\",\"name\":\"La cr\u00e9ation de liens entre les r\u00e9cup\u00e9ratrice\u00b7eur\u00b7s de mat\u00e9riaux pendant la pand\u00e9mie - WIEGO\",\"isPartOf\":{\"@id\":\"https:\\\/\\\/www.wiego.org\\\/fr\\\/#website\"},\"primaryImageOfPage\":{\"@id\":\"https:\\\/\\\/www.wiego.org\\\/fr\\\/blog\\\/la-creation-de-liens-entre-les-recuperatriceeurs-de-materiaux-pendant-la-pandemie\\\/#primaryimage\"},\"image\":{\"@id\":\"https:\\\/\\\/www.wiego.org\\\/fr\\\/blog\\\/la-creation-de-liens-entre-les-recuperatriceeurs-de-materiaux-pendant-la-pandemie\\\/#primaryimage\"},\"thumbnailUrl\":\"https:\\\/\\\/www.wiego.org\\\/wp-content\\\/uploads\\\/2021\\\/04\\\/CataSaude_Hero.jpg\",\"datePublished\":\"2022-02-07T17:00:00+00:00\",\"dateModified\":\"2025-03-07T21:53:09+00:00\",\"breadcrumb\":{\"@id\":\"https:\\\/\\\/www.wiego.org\\\/fr\\\/blog\\\/la-creation-de-liens-entre-les-recuperatriceeurs-de-materiaux-pendant-la-pandemie\\\/#breadcrumb\"},\"inLanguage\":\"fr-FR\",\"potentialAction\":[{\"@type\":\"ReadAction\",\"target\":[\"https:\\\/\\\/www.wiego.org\\\/fr\\\/blog\\\/la-creation-de-liens-entre-les-recuperatriceeurs-de-materiaux-pendant-la-pandemie\\\/\"]}]},{\"@type\":\"ImageObject\",\"inLanguage\":\"fr-FR\",\"@id\":\"https:\\\/\\\/www.wiego.org\\\/fr\\\/blog\\\/la-creation-de-liens-entre-les-recuperatriceeurs-de-materiaux-pendant-la-pandemie\\\/#primaryimage\",\"url\":\"https:\\\/\\\/www.wiego.org\\\/wp-content\\\/uploads\\\/2021\\\/04\\\/CataSaude_Hero.jpg\",\"contentUrl\":\"https:\\\/\\\/www.wiego.org\\\/wp-content\\\/uploads\\\/2021\\\/04\\\/CataSaude_Hero.jpg\",\"width\":1140,\"height\":430,\"caption\":\"CataSa\u00fade Viraliza\"},{\"@type\":\"WebSite\",\"@id\":\"https:\\\/\\\/www.wiego.org\\\/fr\\\/#website\",\"url\":\"https:\\\/\\\/www.wiego.org\\\/fr\\\/\",\"name\":\"WIEGO\",\"description\":\"\",\"publisher\":{\"@id\":\"https:\\\/\\\/www.wiego.org\\\/fr\\\/#organization\"},\"potentialAction\":[{\"@type\":\"SearchAction\",\"target\":{\"@type\":\"EntryPoint\",\"urlTemplate\":\"https:\\\/\\\/www.wiego.org\\\/fr\\\/?s={search_term_string}\"},\"query-input\":{\"@type\":\"PropertyValueSpecification\",\"valueRequired\":true,\"valueName\":\"search_term_string\"}}],\"inLanguage\":\"fr-FR\"},{\"@type\":\"Organization\",\"@id\":\"https:\\\/\\\/www.wiego.org\\\/fr\\\/#organization\",\"name\":\"WIEGO\",\"url\":\"https:\\\/\\\/www.wiego.org\\\/fr\\\/\",\"logo\":{\"@type\":\"ImageObject\",\"inLanguage\":\"fr-FR\",\"@id\":\"https:\\\/\\\/www.wiego.org\\\/fr\\\/#\\\/schema\\\/logo\\\/image\\\/\",\"url\":\"https:\\\/\\\/www.wiego.org\\\/wp-content\\\/uploads\\\/2024\\\/12\\\/logo.svg\",\"contentUrl\":\"https:\\\/\\\/www.wiego.org\\\/wp-content\\\/uploads\\\/2024\\\/12\\\/logo.svg\",\"width\":142,\"height\":90,\"caption\":\"WIEGO\"},\"image\":{\"@id\":\"https:\\\/\\\/www.wiego.org\\\/fr\\\/#\\\/schema\\\/logo\\\/image\\\/\"},\"sameAs\":[\"https:\\\/\\\/www.facebook.com\\\/wiegoglobal\\\/\",\"https:\\\/\\\/x.com\\\/wiegoglobal\",\"https:\\\/\\\/www.linkedin.com\\\/company\\\/wiego\\\/\",\"https:\\\/\\\/www.youtube.com\\\/user\\\/wiegoglobal\"],\"description\":\"WIEGO is a global network that supports the movement of workers in informal employment.\"},{\"@type\":\"BreadcrumbList\",\"itemListElement\":[{\"@type\":\"ListItem\",\"position\":1,\"item\":{\"@id\":\"https:\\\/\\\/www.wiego.org\\\/fr\\\/\",\"name\":\"WIEGO\"}},{\"@type\":\"ListItem\",\"position\":2,\"item\":{\"@id\":\"https:\\\/\\\/www.wiego.org\\\/fr\\\/blog\\\/\",\"name\":\"Blog WIEGO\"}}],\"@id\":\"\\\/#breadcrumb\"}]}<\/script>\n<!-- \/ Yoast SEO Premium plugin. -->","yoast_head_json":{"title":"La cr\u00e9ation de liens entre les r\u00e9cup\u00e9ratrice\u00b7eur\u00b7s de mat\u00e9riaux pendant la pand\u00e9mie - WIEGO","robots":{"index":"index","follow":"follow","max-snippet":"max-snippet:-1","max-image-preview":"max-image-preview:large","max-video-preview":"max-video-preview:-1"},"canonical":"https:\/\/www.wiego.org\/fr\/blog\/la-creation-de-liens-entre-les-recuperatriceeurs-de-materiaux-pendant-la-pandemie\/","og_locale":"fr_FR","og_type":"article","og_title":"La cr\u00e9ation de liens entre les r\u00e9cup\u00e9ratrice\u00b7eur\u00b7s de mat\u00e9riaux pendant la pand\u00e9mie","og_description":"Le projet de WIEGO CataSa\u00fade Viraliza \u2013un cours en ligne de renforcement des capacit\u00e9s \u2013a vu le jour au Br\u00e9sil en 2020 pour r\u00e9pondre aux d\u00e9fis pos\u00e9s par la pand\u00e9mie de la COVID-19. Un objectif important du projet consistait \u00e0 cr\u00e9er des liens durables \u2013et ce \u00e0 une \u00e9poque d\u2019isolement\u2013 entre les travailleuse\u00b7eur\u00b7s organis\u00e9\u00b7e\u00b7s et autonomes, ainsi qu\u2019entre les r\u00e9cup\u00e9ratrice\u00b7eur\u00b7s de mat\u00e9riaux en Am\u00e9rique latine.","og_url":"https:\/\/www.wiego.org\/fr\/blog\/la-creation-de-liens-entre-les-recuperatriceeurs-de-materiaux-pendant-la-pandemie\/","og_site_name":"WIEGO","article_publisher":"https:\/\/www.facebook.com\/wiegoglobal\/","article_published_time":"2022-02-07T17:00:00+00:00","article_modified_time":"2025-03-07T21:53:09+00:00","og_image":[{"width":1140,"height":430,"url":"https:\/\/www.wiego.org\/wp-content\/uploads\/2021\/04\/CataSaude_Hero.jpg","type":"image\/jpeg"}],"author":"The WIEGO Team","twitter_card":"summary_large_image","twitter_creator":"@wiegoglobal","twitter_site":"@wiegoglobal","twitter_misc":{"Written by":"The WIEGO Team","Est. reading time":"8 minutes"},"schema":{"@context":"https:\/\/schema.org","@graph":[{"@type":"Article","@id":"https:\/\/www.wiego.org\/fr\/blog\/la-creation-de-liens-entre-les-recuperatriceeurs-de-materiaux-pendant-la-pandemie\/#article","isPartOf":{"@id":"https:\/\/www.wiego.org\/fr\/blog\/la-creation-de-liens-entre-les-recuperatriceeurs-de-materiaux-pendant-la-pandemie\/"},"author":{"name":"The WIEGO Team","@id":"https:\/\/www.wiego.org\/fr\/#\/schema\/person\/a59b513607ebe888542e7f3325fc7769"},"headline":"La cr\u00e9ation de liens entre les r\u00e9cup\u00e9ratrice\u00b7eur\u00b7s de mat\u00e9riaux pendant la pand\u00e9mie","datePublished":"2022-02-07T17:00:00+00:00","dateModified":"2025-03-07T21:53:09+00:00","mainEntityOfPage":{"@id":"https:\/\/www.wiego.org\/fr\/blog\/la-creation-de-liens-entre-les-recuperatriceeurs-de-materiaux-pendant-la-pandemie\/"},"wordCount":1651,"publisher":{"@id":"https:\/\/www.wiego.org\/fr\/#organization"},"image":{"@id":"https:\/\/www.wiego.org\/fr\/blog\/la-creation-de-liens-entre-les-recuperatriceeurs-de-materiaux-pendant-la-pandemie\/#primaryimage"},"thumbnailUrl":"https:\/\/www.wiego.org\/wp-content\/uploads\/2021\/04\/CataSaude_Hero.jpg","articleSection":["Non classifi\u00e9(e)"],"inLanguage":"fr-FR"},{"@type":"WebPage","@id":"https:\/\/www.wiego.org\/fr\/blog\/la-creation-de-liens-entre-les-recuperatriceeurs-de-materiaux-pendant-la-pandemie\/","url":"https:\/\/www.wiego.org\/fr\/blog\/la-creation-de-liens-entre-les-recuperatriceeurs-de-materiaux-pendant-la-pandemie\/","name":"La cr\u00e9ation de liens entre les r\u00e9cup\u00e9ratrice\u00b7eur\u00b7s de mat\u00e9riaux pendant la pand\u00e9mie - WIEGO","isPartOf":{"@id":"https:\/\/www.wiego.org\/fr\/#website"},"primaryImageOfPage":{"@id":"https:\/\/www.wiego.org\/fr\/blog\/la-creation-de-liens-entre-les-recuperatriceeurs-de-materiaux-pendant-la-pandemie\/#primaryimage"},"image":{"@id":"https:\/\/www.wiego.org\/fr\/blog\/la-creation-de-liens-entre-les-recuperatriceeurs-de-materiaux-pendant-la-pandemie\/#primaryimage"},"thumbnailUrl":"https:\/\/www.wiego.org\/wp-content\/uploads\/2021\/04\/CataSaude_Hero.jpg","datePublished":"2022-02-07T17:00:00+00:00","dateModified":"2025-03-07T21:53:09+00:00","breadcrumb":{"@id":"https:\/\/www.wiego.org\/fr\/blog\/la-creation-de-liens-entre-les-recuperatriceeurs-de-materiaux-pendant-la-pandemie\/#breadcrumb"},"inLanguage":"fr-FR","potentialAction":[{"@type":"ReadAction","target":["https:\/\/www.wiego.org\/fr\/blog\/la-creation-de-liens-entre-les-recuperatriceeurs-de-materiaux-pendant-la-pandemie\/"]}]},{"@type":"ImageObject","inLanguage":"fr-FR","@id":"https:\/\/www.wiego.org\/fr\/blog\/la-creation-de-liens-entre-les-recuperatriceeurs-de-materiaux-pendant-la-pandemie\/#primaryimage","url":"https:\/\/www.wiego.org\/wp-content\/uploads\/2021\/04\/CataSaude_Hero.jpg","contentUrl":"https:\/\/www.wiego.org\/wp-content\/uploads\/2021\/04\/CataSaude_Hero.jpg","width":1140,"height":430,"caption":"CataSa\u00fade Viraliza"},{"@type":"WebSite","@id":"https:\/\/www.wiego.org\/fr\/#website","url":"https:\/\/www.wiego.org\/fr\/","name":"WIEGO","description":"","publisher":{"@id":"https:\/\/www.wiego.org\/fr\/#organization"},"potentialAction":[{"@type":"SearchAction","target":{"@type":"EntryPoint","urlTemplate":"https:\/\/www.wiego.org\/fr\/?s={search_term_string}"},"query-input":{"@type":"PropertyValueSpecification","valueRequired":true,"valueName":"search_term_string"}}],"inLanguage":"fr-FR"},{"@type":"Organization","@id":"https:\/\/www.wiego.org\/fr\/#organization","name":"WIEGO","url":"https:\/\/www.wiego.org\/fr\/","logo":{"@type":"ImageObject","inLanguage":"fr-FR","@id":"https:\/\/www.wiego.org\/fr\/#\/schema\/logo\/image\/","url":"https:\/\/www.wiego.org\/wp-content\/uploads\/2024\/12\/logo.svg","contentUrl":"https:\/\/www.wiego.org\/wp-content\/uploads\/2024\/12\/logo.svg","width":142,"height":90,"caption":"WIEGO"},"image":{"@id":"https:\/\/www.wiego.org\/fr\/#\/schema\/logo\/image\/"},"sameAs":["https:\/\/www.facebook.com\/wiegoglobal\/","https:\/\/x.com\/wiegoglobal","https:\/\/www.linkedin.com\/company\/wiego\/","https:\/\/www.youtube.com\/user\/wiegoglobal"],"description":"WIEGO is a global network that supports the movement of workers in informal employment."},{"@type":"BreadcrumbList","itemListElement":[{"@type":"ListItem","position":1,"item":{"@id":"https:\/\/www.wiego.org\/fr\/","name":"WIEGO"}},{"@type":"ListItem","position":2,"item":{"@id":"https:\/\/www.wiego.org\/fr\/blog\/","name":"Blog WIEGO"}}],"@id":"\/#breadcrumb"}]}},"_links":{"self":[{"href":"https:\/\/www.wiego.org\/fr\/wp-json\/wp\/v2\/posts\/26731","targetHints":{"allow":["GET"]}}],"collection":[{"href":"https:\/\/www.wiego.org\/fr\/wp-json\/wp\/v2\/posts"}],"about":[{"href":"https:\/\/www.wiego.org\/fr\/wp-json\/wp\/v2\/types\/post"}],"author":[{"embeddable":true,"href":"https:\/\/www.wiego.org\/fr\/wp-json\/wp\/v2\/users\/2"}],"replies":[{"embeddable":true,"href":"https:\/\/www.wiego.org\/fr\/wp-json\/wp\/v2\/comments?post=26731"}],"version-history":[{"count":1,"href":"https:\/\/www.wiego.org\/fr\/wp-json\/wp\/v2\/posts\/26731\/revisions"}],"predecessor-version":[{"id":46442,"href":"https:\/\/www.wiego.org\/fr\/wp-json\/wp\/v2\/posts\/26731\/revisions\/46442"}],"wp:featuredmedia":[{"embeddable":true,"href":"https:\/\/www.wiego.org\/fr\/wp-json\/wp\/v2\/media\/17261"}],"wp:attachment":[{"href":"https:\/\/www.wiego.org\/fr\/wp-json\/wp\/v2\/media?parent=26731"}],"curies":[{"name":"wp","href":"https:\/\/api.w.org\/{rel}","templated":true}]}}