{"id":26729,"date":"2021-12-13T12:00:00","date_gmt":"2021-12-13T17:00:00","guid":{"rendered":"https:\/\/wiego.local\/fr-plaidoyer-pour-lacces-aux-vaccins-contre-la-covid-19-les-travailleuseeurs-nous-partagent-leurs\/"},"modified":"2025-03-07T16:53:07","modified_gmt":"2025-03-07T21:53:07","slug":"plaidoyer-pour-lacces-aux-vaccins-contre-la-covid-19-les-travailleuseeurs-nous-partagent-leurs","status":"publish","type":"post","link":"https:\/\/www.wiego.org\/fr\/blog\/plaidoyer-pour-lacces-aux-vaccins-contre-la-covid-19-les-travailleuseeurs-nous-partagent-leurs\/","title":{"rendered":"Plaidoyer pour l\u2019acc\u00e8s aux vaccins contre la COVID-19 : les travailleuse\u00b7eur\u00b7s nous partagent leurs exp\u00e9riences"},"content":{"rendered":"<p class=\"emphasized-intro-text\"><strong>Alors que nous arrivons au terme de l\u2019ann\u00e9e 2021, des milliards de personnes ont d\u00e9j\u00e0 re\u00e7u le vaccin contre la COVID-19\u00a0: un chemin largement consid\u00e9r\u00e9 comme le meilleur pour sortir de la pand\u00e9mie qui ne cesse de perturber les moyens de subsistance partout dans le monde. Or, les in\u00e9galit\u00e9s criantes au niveau mondial, en termes de distribution des vaccins, signifient qu\u2019un grand nombre de personnes, dont beaucoup de travailleuse\u00b7eur\u00b7s de l\u2019informel, a \u00e9t\u00e9 laiss\u00e9 de c\u00f4t\u00e9.<\/strong><\/p>\n<p>Dans de nombreuses r\u00e9gions d\u2019Afrique, d\u2019Asie du Sud et du Sud-Est et dans certaines parties d\u2019Am\u00e9rique latine, l\u2019acc\u00e8s aux vaccins reste limit\u00e9. Les faibles niveaux de vaccination \u2013 provoqu\u00e9s tant par la distribution in\u00e9gale des vaccins que par le rejet ou l\u2019h\u00e9sitation face aux vaccins \u2013 font augmenter les risques de transmission, d\u2019hospitalisation et de d\u00e9c\u00e8s entra\u00een\u00e9s par la COVID-19 ; ils peuvent \u00e9galement d\u00e9clencher l\u2019apparition de variantes plus dangereuses. C\u2019est dans ces r\u00e9gions que vivent et travaillent la plupart de travailleuse\u00b7eur\u00b7s de l\u2019informel dans le monde.<\/p>\n<p>L\u2019<a data-entity-substitution=\"canonical\" data-entity-type=\"node\" data-entity-uuid=\"fd95cba1-56fe-4df9-941f-ab64baf23713\" href=\"\/fr\/etude-sur-la-crise-de-la-covid-19-et-leconomie-informelle\">\u00e9tude de WIEGO sur la crise de la COVID-19 et l&#8217;\u00e9conomie informelle<\/a> a r\u00e9v\u00e9l\u00e9 que \u2013 quand on a demand\u00e9 ce dont les travailleuse\u00b7eur\u00b7s avaient besoin de la part des pouvoirs publics pour faciliter la reprise \u2013 les personnes interrog\u00e9es pla\u00e7aient <a data-entity-substitution=\"canonical\" data-entity-type=\"node\" data-entity-uuid=\"5eb8c83a-f5be-4ac1-94ec-3b35708076f9\" href=\"\/fr\/ressources\/resume-la-crise-est-loin-detre-finie-pour-les-travailleuseeurs-de-linformel-0\">la vaccination parmi les priorit\u00e9s<\/a> leur permettant de retrouver leurs moyens de subsistance en toute l\u00e9galit\u00e9 et s\u00e9curit\u00e9.<\/p>\n<p>Toujours aux premi\u00e8res lignes, les travailleuse\u00b7eur\u00b7s de l\u2019informel n\u2019ont gu\u00e8re interrompu leurs services essentiels pendant la pand\u00e9mie, malgr\u00e9 le fait que leurs moyens de subsistance et leur sant\u00e9 ont \u00e9t\u00e9 touch\u00e9s de plein fouet. Dans le monde, il y a deux milliards de travailleuse\u00b7eur\u00b7s employ\u00e9\u00b7e\u00b7s de fa\u00e7on informelle, dont le travail est fondamental pour la reprise \u00e9conomique. Il s\u2019ensuit que, si les travailleuse\u00b7eur\u00b7s ne sont pas prot\u00e9g\u00e9\u00b7e\u00b7s contre la COVID-19, la soci\u00e9t\u00e9 ne l\u2019est pas non plus \u2013 entra\u00eenant ainsi une prolongation de la pand\u00e9mie, des retards et des perturbations pour la reprise \u00e9conomique mondiale \u2013. La vaccination contre la COVID-19 est un investissement dans les travailleuse\u00b7eur\u00b7s qui contribuera \u00e0 ma\u00eetriser la pand\u00e9mie.<\/p>\n<p>WIEGO agit aupr\u00e8s des travailleuse\u00b7eur\u00b7s de l\u2019informel en faveur de l\u2019acc\u00e8s \u00e0 la vaccination (comportant l\u2019\u00e9ducation autour du vaccin) et nous voulons partager ici leurs exp\u00e9riences pour en tirer des le\u00e7ons et continuer de les soutenir dans la lutte visant l\u2019acc\u00e8s \u00e0 la vaccination en 2022.<\/p>\n<p style=\"margin-top:30px;margin-bottom:-6px\"><strong>Aline Sousa da Silva \u2013 Pr\u00e9sidente de CENTCOOP, repr\u00e9sentante du District f\u00e9d\u00e9ral au sein du Comit\u00e9 national pour le Mouvement national des r\u00e9cup\u00e9ratrice\u00b7eur\u00b7s de mat\u00e9riaux (MNCR), coordinatrice du Secr\u00e9tariat national pour les femmes et les jeunes chez <em>Unicatadoras<\/em>, au Br\u00e9sil<\/strong><\/p>\n<blockquote>\n<p>Nous avons beaucoup souffert avant de recevoir notre vaccin. On a commenc\u00e9 \u00e0 travailler avec le gouvernement afin de pr\u00e9senter un plan d\u2019adaptation pour la pr\u00e9vention de la COVID-19, dont le but est de permettre aux r\u00e9cup\u00e9ratrice\u00b7eur\u00b7s de mat\u00e9riaux de reprendre leurs activit\u00e9s et de faire classer leur travail comme un service essentiel.<\/p>\n<p>Nous avons \u00e9galement \u00e9tabli des partenariats avec quelques organisations de sant\u00e9 pour faire tester nos travailleuse\u00b7eur\u00b7s pour d\u00e9tecter le virus de la COVID-19. Apr\u00e8s avoir effectu\u00e9 plus de 1 000 tests, nous nous sommes rendu compte que beaucoup de nos r\u00e9cup\u00e9ratrice\u00b7eur\u00b7s \u00e9taient asymptomatiques. Compte tenu des r\u00e9sultats de ces examens, il \u00e9tait \u00e9vident qu\u2019il nous fallait avoir acc\u00e8s au vaccin.<\/p>\n<p>Nous avons travaill\u00e9 avec des avocat\u00b7e\u00b7s pour que les r\u00e9cup\u00e9ratrice\u00b7eur\u00b7s de mat\u00e9riaux soient inclus\u00b7e\u00b7s dans la liste des personnes prioritaires. Avant la pand\u00e9mie, les r\u00e9cup\u00e9ratrice\u00b7eur\u00b7s n\u2019\u00e9taient jamais consid\u00e9r\u00e9\u00b7e\u00b7s comme tel\u00b7le\u00b7s, mais nous avons utilis\u00e9 les r\u00e9sultats des examens pour mettre en \u00e9vidence cette n\u00e9cessit\u00e9. Par la suite, nous avons obtenu le droit de nous faire vacciner et, en deux jours seulement, plus de 1 500 r\u00e9cup\u00e9ratrice\u00b7eur\u00b7s de mat\u00e9riaux ont re\u00e7u le vaccin. C\u2019\u00e9tait un moment tr\u00e8s \u00e9mouvant parce qu\u2019il y avait des r\u00e9cup\u00e9ratrice\u00b7eur\u00b7s qui venaient de perdre leurs parents, leurs ami\u00b7e\u00b7s, des membres de leurs familles victimes de la COVID-19. Il y avait des larmes de joie, mais certain\u00b7e\u00b7s souffraient int\u00e9rieurement en pensant \u00e0 leur m\u00e8re, \u00e0 leur p\u00e8re, \u00e0 leurs ami\u00b7e\u00b7s, que le vaccin aurait pu sauver si, seulement, le gouvernement avait mis celui-ci \u00e0 disposition de toute personne dont le travail \u00e9tait prioritaire.<\/p>\n<\/blockquote>\n<p style=\"margin-top:30px;margin-bottom:-6px\"><strong>Wisborn Malaya \u2013 Secr\u00e9taire g\u00e9n\u00e9rale de la Chambre des associations de l\u2019\u00e9conomie informelle du Zimbabwe (ZCIEA)<\/strong><\/p>\n<blockquote>\n<p>Lorsque la campagne de vaccination a d\u00e9marr\u00e9 dans le pays, le gouvernement a donn\u00e9 la priorit\u00e9 \u00e0 toute personne consid\u00e9r\u00e9e comme travailleuse\u00b7eur essentiel\u00b7le. Nous avons adopt\u00e9 leur langage pour faire pression en faveur des travailleuse\u00b7eur\u00b7s et commer\u00e7ant\u00b7e\u00b7s de l\u2019\u00e9conomie informelle, l\u2019objet \u00e9tant de les consid\u00e9rer comme des travailleuse\u00b7eur\u00b7s essentiel\u00b7le\u00b7s et, par cons\u00e9quent, leur permettre de faire du commerce.<\/p>\n<p>\u00c0 travers nos plateformes de WhatsApp, nous avons encourag\u00e9 nos membres \u00e0 se faire vacciner et nous avons aussi utilis\u00e9 nos plateformes de r\u00e9seaux sociaux pour leur transmettre, ainsi qu\u2019au grand public, des informations au sujet de la vaccination car, en tant que travailleuse\u00b7eur\u00b7s de l\u2019\u00e9conomie informelle, nous n\u2019habitons pas sur une \u00eele \u00e0 nous\u00a0: nous vivons dans des collectivit\u00e9s, nous avons de la famille.<\/p>\n<p>Nos activit\u00e9s de proximit\u00e9 et sensibilisation entra\u00eenent leurs propres d\u00e9fis parce que, dans le pays, il y a des croyances religieuses s\u2019opposant totalement \u00e0 la vaccination et, parmi nos membres, il y en a qui appartiennent \u00e0 ces groupes. Il y a \u00e9galement les \u00ab fake news \u00bb qui se propagent sur les plateformes WhatsApp et suscitent la peur parmi nos membres. Nous avons en plus le probl\u00e8me de la lente distribution des vaccins dans quelques zones du pays, surtout dans des zones \u00e9loign\u00e9es, o\u00f9 l&#8217;accessibilit\u00e9 est un probl\u00e8me.<\/p>\n<\/blockquote>\n<p style=\"margin-top:30px;margin-bottom:-6px\"><strong>Carmen Britez &#8211; Vice-pr\u00e9sidente de la F\u00e9d\u00e9ration internationale des travailleuses domestiques (FITD) et Secr\u00e9taire pour la documentation et l\u2019organisation de l\u2019Union du personnel auxiliaire des maisons particuli\u00e8res (UPACP), en Argentine<\/strong><\/p>\n<blockquote>\n<p>Nous avons travaill\u00e9 aux c\u00f4t\u00e9s de diff\u00e9rents secteurs pour pr\u00e9senter une demande de vaccins et, en m\u00eame temps, nous avons \u00e9tabli un dialogue avec les autorit\u00e9s provinciales afin de lancer une campagne, dont l\u2019objet \u00e9tait d\u2019inscrire les travailleuses domestiques pour leur premi\u00e8re et deuxi\u00e8me dose du vaccin. Partout dans le pays, nous avons install\u00e9 des tables dans la rue pour que les femmes viennent s\u2019inscrire pour recevoir le vaccin, puisque, parmi ces travailleuses domestiques, il y en a beaucoup qui n\u2019ont aucun acc\u00e8s \u00e0 internet. Elles ne savent pas comment remplir un formulaire en ligne leur permettant de s\u2019inscrire pour la vaccination. De plus, un grand nombre de travailleuses ne comprennent pas r\u00e9ellement l\u2019importance et les b\u00e9n\u00e9fices de se faire vacciner.<\/p>\n<p>Nous progressons rapidement quant au nombre de travailleuses vaccin\u00e9es, mais nous d\u00e9pendons principalement des livraisons de vaccins arrivant dans le pays.<\/p>\n<\/blockquote>\n<p style=\"margin-top:30px;margin-bottom:-6px\"><strong>Eva Mokoena \u2013 Pr\u00e9sidente de l\u2019Organisation des r\u00e9cup\u00e9ratrice\u00b7eur\u00b7s africain\u00b7e\u00b7s (ARO), Afrique du Sud<\/strong><\/p>\n<blockquote>\n<p>Nous diffusons des informations parmi les r\u00e9cup\u00e9ratrice\u00b7eur\u00b7s \u00e0 propos de la vaccination, car nous avons trouv\u00e9 que la plupart pensait que la COVID-19 n\u2019existait pas. C\u2019\u00e9tait face aux premiers diagnostiques que les gens ont commenc\u00e9 \u00e0 y croire. Or, vus les effets secondaires du vaccin, un grand nombre ne veulent toujours pas se faire vacciner. C\u2019est pourquoi nous avons form\u00e9 des gens qui, \u00e0 leur tour, forment d\u2019autres personnes sur l&#8217;h\u00e9sitation face au vaccin, ainsi que sur les moyens d\u2019inscription pour recevoir une dose.<\/p>\n<p>Beaucoup ont peur \u00e0 cause de choses lues sur les r\u00e9seaux sociaux et parce que le gouvernement ne fait gu\u00e8re d&#8217;efforts pour informer les gens sur la COVID-19. Nous avons r\u00e9ussi \u00e0 inscrire la majorit\u00e9 des personnes en possession d\u2019un passeport apr\u00e8s les sessions de formation, mais nous rencontrons toujours des difficult\u00e9s pour aider celles qui n\u2019ont pas de pi\u00e8ces d\u2019identit\u00e9 parce que, sans une preuve d\u2019identit\u00e9, le syst\u00e8me emp\u00eache toute inscription.<\/p>\n<p>Le gouvernement ne se soucie pas de nous et nous sommes livr\u00e9\u00b7e\u00b7s \u00e0 nous-m\u00eames. Nous aimerions davantage de soutien afin de faire passer le message parce que, la plupart d\u2019entre nous avons du mal surtout \u00e0 atteindre les r\u00e9cup\u00e9ratrice\u00b7eur\u00b7s vivant au loin. Nous devons aussi aider les immigr\u00e9\u00b7e\u00b7s et d\u2019autres personnes sans-papiers \u00e0 recevoir un vaccin.<\/p>\n<\/blockquote>\n<p style=\"margin-top:30px;margin-bottom:-6px\"><strong>Debora Contreras \u2013 Repr\u00e9sentante des Agents de promotion de la sant\u00e9 du Mouvement de travailleuse\u00b7eur\u00b7s exclu\u00b7e\u00b7s (MTE) et le Syndicat de travailleuse\u00b7eur\u00b7s de l\u2019\u00e9conomie populaire (UTEP), Argentine<\/strong><\/p>\n<blockquote>\n<p>Le signal nous avertissant qu\u2019il fallait agir par rapport \u00e0 la vaccination est venu lorsque plusieurs coll\u00e8gues ont perdu la vie. Nous nous sommes mis\u00b7e\u00b7s \u00e0 r\u00e9fl\u00e9chir sur les diff\u00e9rentes mani\u00e8res de pr\u00e9coniser le vaccin et de lutter contre les campagnes de d\u00e9sinformation, autour de cette question, sur les m\u00e9dias de masse. Au niveau des \u00c9tats, nous avons entrepris des efforts visant \u00e0 relancer la campagne de vaccination contre la grippe, qui avait \u00e9t\u00e9 interrompue \u00e0 cause de la pand\u00e9mie. Au niveau national, nous avons \u00e9t\u00e9 form\u00e9\u00b7e\u00b7s sur le vaccin ; nous avons aussi cr\u00e9\u00e9 des brigades d\u2019agents de promotion de la sant\u00e9 pour promouvoir la vaccination et l\u2019adoption de gestes barri\u00e8res et consignes sanitaires. Nous avons aussi r\u00e9alis\u00e9 des vid\u00e9os sur l\u2019importance de la vaccination. Pour avoir acc\u00e8s aux aides publiques, il nous a fallu convaincre le gouvernement du caract\u00e8re essentiel de notre travail. C\u2019\u00e9tait un combat, particuli\u00e8rement pour les travailleuse\u00b7eur\u00b7s non d\u00e9clar\u00e9\u00b7e\u00b7s.<\/p>\n<p>Nous avons aussi attir\u00e9 l\u2019attention sur la sant\u00e9 en tant qu\u2019une question n\u00e9cessitant des solutions au niveau national et, \u00e0 partir de ce moment-l\u00e0, nous avons commenc\u00e9 \u00e0 avoir plus de reconnaissance de l\u2019\u00c9tat en tant qu\u2019agent\u00b7e\u00b7s de promotion de la sant\u00e9. Afin de poursuivre notre combat pour la vaccination, il faut qu\u2019on nous soutienne en tant que tel\u00b7le\u00b7s.<\/p>\n<\/blockquote>\n<p style=\"margin-top:30px;margin-bottom:-6px\"><strong>Reema Mishra &#8211; Membre de SEWA-Bh\u00e2rat et du Conseil de SEWA-Ruaab, Inde<\/strong><\/p>\n<blockquote>\n<p>Lorsque la pand\u00e9mie a atteint un point critique au mois de mai [2021], l\u2019extr\u00eame rapidit\u00e9 de la propagation de la maladie a \u00e9norm\u00e9ment g\u00ean\u00e9 la r\u00e9alisation de notre travail. Ensuite, quand la vaccination a d\u00e9marr\u00e9, les gens paniquaient \u00e0 l\u2019id\u00e9e de mourir comme cons\u00e9quence du vaccin, car, une fois vaccin\u00e9es, quelques personnes ont eu de la fi\u00e8vre \u2013 ce qui a suscit\u00e9 ces craintes \u2013.\u00a0<\/p>\n<p>\u00c0 l\u2019int\u00e9rieur de SEWA, nous avons ensuite parl\u00e9 de la vaccination en montrant des vid\u00e9os \u00e0 tout le monde, l\u2019objet \u00e9tant de les convaincre de se faire vacciner. Nous avons \u00e9galement appel\u00e9 les gens par t\u00e9l\u00e9phone pour les pr\u00e9parer \u00e0 la vaccination. On nous demandait de l\u2019aide pour s\u2019inscrire ; quelques personnes ayant essay\u00e9 de le faire, mais sans succ\u00e8s. Moi aussi, j\u2019ai essay\u00e9 et j\u2019ai re\u00e7u le vaccin. Puis le personnel de SEWA s\u2019est mis \u00e0 \u00e9laborer une liste de toutes les s\u0153urs, y compris leurs num\u00e9ros de t\u00e9l\u00e9phone et leurs noms et pr\u00e9noms, atteignant l\u2019inscription de pr\u00e8s de 300 personnes sur cette liste.<\/p>\n<\/blockquote>\n<p><em>L\u2019int\u00e9gralit\u00e9 de ces t\u00e9moignages peut \u00eatre suivie sur l\u2019enregistrement du webinaire WIEGO\u00a0: <a href=\"https:\/\/youtu.be\/E0DTOt9SaH8\">Plaidoyer pour l\u2019acc\u00e8s aux vaccins contre la COVID-19<\/a>.<\/em><\/p>\n<hr \/>\n<h5>Para ler este artigo em portugu\u00eas, veja <a data-entity-substitution=\"canonical\" data-entity-type=\"node\" data-entity-uuid=\"49776ed0-ff0c-4ab2-b2e3-eff03e223369\" href=\"https:\/\/www.wiego.org\/blog\/defender-o-acesso-vacinas-contra-covid-19-experiencias-de-trabalhadorxs-no-emprego-informal\/\">aqui<\/a>.<\/h5>\n<h5>Photo en haut de la page\u00a0: une r\u00e9cup\u00e9ratrice de mat\u00e9riaux \u00e0 Durban, Afrique du Sud. Cr\u00e9dit photo\u00a0: Jonathan Torgovnik<\/h5>\n","protected":false},"excerpt":{"rendered":"<p>Alors que nous arrivons au terme de l\u2019ann\u00e9e 2021, des milliards de personnes ont d\u00e9j\u00e0 re\u00e7u le vaccin contre la COVID-19 : un chemin largement consid\u00e9r\u00e9 comme le meilleur pour sortir de la pand\u00e9mie qui ne cesse de perturber les moyens de subsistance partout dans le monde. Or, les in\u00e9galit\u00e9s criantes au niveau mondial, en termes de distribution des vaccins, signifient qu\u2019un grand nombre de personnes, dont beaucoup de travailleuse\u00b7eur\u00b7s de l\u2019informel, a \u00e9t\u00e9 laiss\u00e9 de c\u00f4t\u00e9.<\/p>\n","protected":false},"author":2,"featured_media":18764,"comment_status":"closed","ping_status":"closed","sticky":false,"template":"","format":"standard","meta":{"_acf_changed":false,"_relevanssi_hide_post":"","_relevanssi_hide_content":"","_relevanssi_pin_for_all":"","_relevanssi_pin_keywords":"","_relevanssi_unpin_keywords":"","_relevanssi_related_keywords":"","_relevanssi_related_include_ids":"","_relevanssi_related_exclude_ids":"","_relevanssi_related_no_append":"","_relevanssi_related_not_related":"","_relevanssi_related_posts":"","_relevanssi_noindex_reason":"","footnotes":""},"class_list":["post-26729","post","type-post","status-publish","format-standard","has-post-thumbnail","hentry","economy-theme-covid-19-crisis-study","economy-theme-estudio-crisis-covid-19"],"acf":[],"yoast_head":"<!-- This site is optimized with the Yoast SEO Premium plugin v23.8 (Yoast SEO v27.4) - https:\/\/yoast.com\/product\/yoast-seo-premium-wordpress\/ -->\n<title>Plaidoyer pour l\u2019acc\u00e8s aux vaccins contre la COVID-19 : les travailleuse\u00b7eur\u00b7s nous partagent leurs exp\u00e9riences - WIEGO<\/title>\n<meta name=\"robots\" content=\"index, follow, max-snippet:-1, max-image-preview:large, max-video-preview:-1\" \/>\n<link rel=\"canonical\" href=\"https:\/\/www.wiego.org\/fr\/blog\/plaidoyer-pour-lacces-aux-vaccins-contre-la-covid-19-les-travailleuseeurs-nous-partagent-leurs\/\" \/>\n<meta property=\"og:locale\" content=\"fr_FR\" \/>\n<meta property=\"og:type\" content=\"article\" \/>\n<meta property=\"og:title\" content=\"Plaidoyer pour l\u2019acc\u00e8s aux vaccins contre la COVID-19 : les travailleuse\u00b7eur\u00b7s nous partagent leurs exp\u00e9riences\" \/>\n<meta property=\"og:description\" content=\"Alors que nous arrivons au terme de l\u2019ann\u00e9e 2021, des milliards de personnes ont d\u00e9j\u00e0 re\u00e7u le vaccin contre la COVID-19 : un chemin largement consid\u00e9r\u00e9 comme le meilleur pour sortir de la pand\u00e9mie qui ne cesse de perturber les moyens de subsistance partout dans le monde. Or, les in\u00e9galit\u00e9s criantes au niveau mondial, en termes de distribution des vaccins, signifient qu\u2019un grand nombre de personnes, dont beaucoup de travailleuse\u00b7eur\u00b7s de l\u2019informel, a \u00e9t\u00e9 laiss\u00e9 de c\u00f4t\u00e9.\" \/>\n<meta property=\"og:url\" content=\"https:\/\/www.wiego.org\/fr\/blog\/plaidoyer-pour-lacces-aux-vaccins-contre-la-covid-19-les-travailleuseeurs-nous-partagent-leurs\/\" \/>\n<meta property=\"og:site_name\" content=\"WIEGO\" \/>\n<meta property=\"article:publisher\" content=\"https:\/\/www.facebook.com\/wiegoglobal\/\" \/>\n<meta property=\"article:published_time\" content=\"2021-12-13T17:00:00+00:00\" \/>\n<meta property=\"article:modified_time\" content=\"2025-03-07T21:53:07+00:00\" \/>\n<meta property=\"og:image\" content=\"https:\/\/www.wiego.org\/wp-content\/uploads\/2021\/12\/Durban_Waste%20Picker_Jonathan_Torgovinik_Hero.jpg\" \/>\n\t<meta property=\"og:image:width\" content=\"1140\" \/>\n\t<meta property=\"og:image:height\" content=\"430\" \/>\n\t<meta property=\"og:image:type\" content=\"image\/jpeg\" \/>\n<meta name=\"author\" content=\"The WIEGO Team\" \/>\n<meta name=\"twitter:card\" content=\"summary_large_image\" \/>\n<meta name=\"twitter:creator\" content=\"@wiegoglobal\" \/>\n<meta name=\"twitter:site\" content=\"@wiegoglobal\" \/>\n<meta name=\"twitter:label1\" content=\"Written by\" \/>\n\t<meta name=\"twitter:data1\" content=\"The WIEGO Team\" \/>\n\t<meta name=\"twitter:label2\" content=\"Est. reading time\" \/>\n\t<meta name=\"twitter:data2\" content=\"10 minutes\" \/>\n<script type=\"application\/ld+json\" class=\"yoast-schema-graph\">{\"@context\":\"https:\\\/\\\/schema.org\",\"@graph\":[{\"@type\":\"Article\",\"@id\":\"https:\\\/\\\/www.wiego.org\\\/fr\\\/blog\\\/plaidoyer-pour-lacces-aux-vaccins-contre-la-covid-19-les-travailleuseeurs-nous-partagent-leurs\\\/#article\",\"isPartOf\":{\"@id\":\"https:\\\/\\\/www.wiego.org\\\/fr\\\/blog\\\/plaidoyer-pour-lacces-aux-vaccins-contre-la-covid-19-les-travailleuseeurs-nous-partagent-leurs\\\/\"},\"author\":{\"name\":\"The WIEGO Team\",\"@id\":\"https:\\\/\\\/www.wiego.org\\\/fr\\\/#\\\/schema\\\/person\\\/a59b513607ebe888542e7f3325fc7769\"},\"headline\":\"Plaidoyer pour l\u2019acc\u00e8s aux vaccins contre la COVID-19 : les travailleuse\u00b7eur\u00b7s nous partagent leurs exp\u00e9riences\",\"datePublished\":\"2021-12-13T17:00:00+00:00\",\"dateModified\":\"2025-03-07T21:53:07+00:00\",\"mainEntityOfPage\":{\"@id\":\"https:\\\/\\\/www.wiego.org\\\/fr\\\/blog\\\/plaidoyer-pour-lacces-aux-vaccins-contre-la-covid-19-les-travailleuseeurs-nous-partagent-leurs\\\/\"},\"wordCount\":2091,\"publisher\":{\"@id\":\"https:\\\/\\\/www.wiego.org\\\/fr\\\/#organization\"},\"image\":{\"@id\":\"https:\\\/\\\/www.wiego.org\\\/fr\\\/blog\\\/plaidoyer-pour-lacces-aux-vaccins-contre-la-covid-19-les-travailleuseeurs-nous-partagent-leurs\\\/#primaryimage\"},\"thumbnailUrl\":\"https:\\\/\\\/www.wiego.org\\\/wp-content\\\/uploads\\\/2021\\\/12\\\/Durban_Waste Picker_Jonathan_Torgovinik_Hero.jpg\",\"articleSection\":[\"Non classifi\u00e9(e)\"],\"inLanguage\":\"fr-FR\"},{\"@type\":\"WebPage\",\"@id\":\"https:\\\/\\\/www.wiego.org\\\/fr\\\/blog\\\/plaidoyer-pour-lacces-aux-vaccins-contre-la-covid-19-les-travailleuseeurs-nous-partagent-leurs\\\/\",\"url\":\"https:\\\/\\\/www.wiego.org\\\/fr\\\/blog\\\/plaidoyer-pour-lacces-aux-vaccins-contre-la-covid-19-les-travailleuseeurs-nous-partagent-leurs\\\/\",\"name\":\"Plaidoyer pour l\u2019acc\u00e8s aux vaccins contre la COVID-19 : les travailleuse\u00b7eur\u00b7s nous partagent leurs exp\u00e9riences - WIEGO\",\"isPartOf\":{\"@id\":\"https:\\\/\\\/www.wiego.org\\\/fr\\\/#website\"},\"primaryImageOfPage\":{\"@id\":\"https:\\\/\\\/www.wiego.org\\\/fr\\\/blog\\\/plaidoyer-pour-lacces-aux-vaccins-contre-la-covid-19-les-travailleuseeurs-nous-partagent-leurs\\\/#primaryimage\"},\"image\":{\"@id\":\"https:\\\/\\\/www.wiego.org\\\/fr\\\/blog\\\/plaidoyer-pour-lacces-aux-vaccins-contre-la-covid-19-les-travailleuseeurs-nous-partagent-leurs\\\/#primaryimage\"},\"thumbnailUrl\":\"https:\\\/\\\/www.wiego.org\\\/wp-content\\\/uploads\\\/2021\\\/12\\\/Durban_Waste Picker_Jonathan_Torgovinik_Hero.jpg\",\"datePublished\":\"2021-12-13T17:00:00+00:00\",\"dateModified\":\"2025-03-07T21:53:07+00:00\",\"breadcrumb\":{\"@id\":\"https:\\\/\\\/www.wiego.org\\\/fr\\\/blog\\\/plaidoyer-pour-lacces-aux-vaccins-contre-la-covid-19-les-travailleuseeurs-nous-partagent-leurs\\\/#breadcrumb\"},\"inLanguage\":\"fr-FR\",\"potentialAction\":[{\"@type\":\"ReadAction\",\"target\":[\"https:\\\/\\\/www.wiego.org\\\/fr\\\/blog\\\/plaidoyer-pour-lacces-aux-vaccins-contre-la-covid-19-les-travailleuseeurs-nous-partagent-leurs\\\/\"]}]},{\"@type\":\"ImageObject\",\"inLanguage\":\"fr-FR\",\"@id\":\"https:\\\/\\\/www.wiego.org\\\/fr\\\/blog\\\/plaidoyer-pour-lacces-aux-vaccins-contre-la-covid-19-les-travailleuseeurs-nous-partagent-leurs\\\/#primaryimage\",\"url\":\"https:\\\/\\\/www.wiego.org\\\/wp-content\\\/uploads\\\/2021\\\/12\\\/Durban_Waste Picker_Jonathan_Torgovinik_Hero.jpg\",\"contentUrl\":\"https:\\\/\\\/www.wiego.org\\\/wp-content\\\/uploads\\\/2021\\\/12\\\/Durban_Waste Picker_Jonathan_Torgovinik_Hero.jpg\",\"width\":1140,\"height\":430,\"caption\":\"A waste picker in Durban\"},{\"@type\":\"WebSite\",\"@id\":\"https:\\\/\\\/www.wiego.org\\\/fr\\\/#website\",\"url\":\"https:\\\/\\\/www.wiego.org\\\/fr\\\/\",\"name\":\"WIEGO\",\"description\":\"\",\"publisher\":{\"@id\":\"https:\\\/\\\/www.wiego.org\\\/fr\\\/#organization\"},\"potentialAction\":[{\"@type\":\"SearchAction\",\"target\":{\"@type\":\"EntryPoint\",\"urlTemplate\":\"https:\\\/\\\/www.wiego.org\\\/fr\\\/?s={search_term_string}\"},\"query-input\":{\"@type\":\"PropertyValueSpecification\",\"valueRequired\":true,\"valueName\":\"search_term_string\"}}],\"inLanguage\":\"fr-FR\"},{\"@type\":\"Organization\",\"@id\":\"https:\\\/\\\/www.wiego.org\\\/fr\\\/#organization\",\"name\":\"WIEGO\",\"url\":\"https:\\\/\\\/www.wiego.org\\\/fr\\\/\",\"logo\":{\"@type\":\"ImageObject\",\"inLanguage\":\"fr-FR\",\"@id\":\"https:\\\/\\\/www.wiego.org\\\/fr\\\/#\\\/schema\\\/logo\\\/image\\\/\",\"url\":\"https:\\\/\\\/www.wiego.org\\\/wp-content\\\/uploads\\\/2024\\\/12\\\/logo.svg\",\"contentUrl\":\"https:\\\/\\\/www.wiego.org\\\/wp-content\\\/uploads\\\/2024\\\/12\\\/logo.svg\",\"width\":142,\"height\":90,\"caption\":\"WIEGO\"},\"image\":{\"@id\":\"https:\\\/\\\/www.wiego.org\\\/fr\\\/#\\\/schema\\\/logo\\\/image\\\/\"},\"sameAs\":[\"https:\\\/\\\/www.facebook.com\\\/wiegoglobal\\\/\",\"https:\\\/\\\/x.com\\\/wiegoglobal\",\"https:\\\/\\\/www.linkedin.com\\\/company\\\/wiego\\\/\",\"https:\\\/\\\/www.youtube.com\\\/user\\\/wiegoglobal\"],\"description\":\"WIEGO is a global network that supports the movement of workers in informal employment.\"},{\"@type\":\"BreadcrumbList\",\"itemListElement\":[{\"@type\":\"ListItem\",\"position\":1,\"item\":{\"@id\":\"https:\\\/\\\/www.wiego.org\\\/fr\\\/\",\"name\":\"WIEGO\"}},{\"@type\":\"ListItem\",\"position\":2,\"item\":{\"@id\":\"https:\\\/\\\/www.wiego.org\\\/fr\\\/blog\\\/\",\"name\":\"Blog WIEGO\"}}],\"@id\":\"\\\/#breadcrumb\"}]}<\/script>\n<!-- \/ Yoast SEO Premium plugin. -->","yoast_head_json":{"title":"Plaidoyer pour l\u2019acc\u00e8s aux vaccins contre la COVID-19 : les travailleuse\u00b7eur\u00b7s nous partagent leurs exp\u00e9riences - WIEGO","robots":{"index":"index","follow":"follow","max-snippet":"max-snippet:-1","max-image-preview":"max-image-preview:large","max-video-preview":"max-video-preview:-1"},"canonical":"https:\/\/www.wiego.org\/fr\/blog\/plaidoyer-pour-lacces-aux-vaccins-contre-la-covid-19-les-travailleuseeurs-nous-partagent-leurs\/","og_locale":"fr_FR","og_type":"article","og_title":"Plaidoyer pour l\u2019acc\u00e8s aux vaccins contre la COVID-19 : les travailleuse\u00b7eur\u00b7s nous partagent leurs exp\u00e9riences","og_description":"Alors que nous arrivons au terme de l\u2019ann\u00e9e 2021, des milliards de personnes ont d\u00e9j\u00e0 re\u00e7u le vaccin contre la COVID-19 : un chemin largement consid\u00e9r\u00e9 comme le meilleur pour sortir de la pand\u00e9mie qui ne cesse de perturber les moyens de subsistance partout dans le monde. Or, les in\u00e9galit\u00e9s criantes au niveau mondial, en termes de distribution des vaccins, signifient qu\u2019un grand nombre de personnes, dont beaucoup de travailleuse\u00b7eur\u00b7s de l\u2019informel, a \u00e9t\u00e9 laiss\u00e9 de c\u00f4t\u00e9.","og_url":"https:\/\/www.wiego.org\/fr\/blog\/plaidoyer-pour-lacces-aux-vaccins-contre-la-covid-19-les-travailleuseeurs-nous-partagent-leurs\/","og_site_name":"WIEGO","article_publisher":"https:\/\/www.facebook.com\/wiegoglobal\/","article_published_time":"2021-12-13T17:00:00+00:00","article_modified_time":"2025-03-07T21:53:07+00:00","og_image":[{"width":1140,"height":430,"url":"https:\/\/www.wiego.org\/wp-content\/uploads\/2021\/12\/Durban_Waste Picker_Jonathan_Torgovinik_Hero.jpg","type":"image\/jpeg"}],"author":"The WIEGO Team","twitter_card":"summary_large_image","twitter_creator":"@wiegoglobal","twitter_site":"@wiegoglobal","twitter_misc":{"Written by":"The WIEGO Team","Est. reading time":"10 minutes"},"schema":{"@context":"https:\/\/schema.org","@graph":[{"@type":"Article","@id":"https:\/\/www.wiego.org\/fr\/blog\/plaidoyer-pour-lacces-aux-vaccins-contre-la-covid-19-les-travailleuseeurs-nous-partagent-leurs\/#article","isPartOf":{"@id":"https:\/\/www.wiego.org\/fr\/blog\/plaidoyer-pour-lacces-aux-vaccins-contre-la-covid-19-les-travailleuseeurs-nous-partagent-leurs\/"},"author":{"name":"The WIEGO Team","@id":"https:\/\/www.wiego.org\/fr\/#\/schema\/person\/a59b513607ebe888542e7f3325fc7769"},"headline":"Plaidoyer pour l\u2019acc\u00e8s aux vaccins contre la COVID-19 : les travailleuse\u00b7eur\u00b7s nous partagent leurs exp\u00e9riences","datePublished":"2021-12-13T17:00:00+00:00","dateModified":"2025-03-07T21:53:07+00:00","mainEntityOfPage":{"@id":"https:\/\/www.wiego.org\/fr\/blog\/plaidoyer-pour-lacces-aux-vaccins-contre-la-covid-19-les-travailleuseeurs-nous-partagent-leurs\/"},"wordCount":2091,"publisher":{"@id":"https:\/\/www.wiego.org\/fr\/#organization"},"image":{"@id":"https:\/\/www.wiego.org\/fr\/blog\/plaidoyer-pour-lacces-aux-vaccins-contre-la-covid-19-les-travailleuseeurs-nous-partagent-leurs\/#primaryimage"},"thumbnailUrl":"https:\/\/www.wiego.org\/wp-content\/uploads\/2021\/12\/Durban_Waste Picker_Jonathan_Torgovinik_Hero.jpg","articleSection":["Non classifi\u00e9(e)"],"inLanguage":"fr-FR"},{"@type":"WebPage","@id":"https:\/\/www.wiego.org\/fr\/blog\/plaidoyer-pour-lacces-aux-vaccins-contre-la-covid-19-les-travailleuseeurs-nous-partagent-leurs\/","url":"https:\/\/www.wiego.org\/fr\/blog\/plaidoyer-pour-lacces-aux-vaccins-contre-la-covid-19-les-travailleuseeurs-nous-partagent-leurs\/","name":"Plaidoyer pour l\u2019acc\u00e8s aux vaccins contre la COVID-19 : les travailleuse\u00b7eur\u00b7s nous partagent leurs exp\u00e9riences - WIEGO","isPartOf":{"@id":"https:\/\/www.wiego.org\/fr\/#website"},"primaryImageOfPage":{"@id":"https:\/\/www.wiego.org\/fr\/blog\/plaidoyer-pour-lacces-aux-vaccins-contre-la-covid-19-les-travailleuseeurs-nous-partagent-leurs\/#primaryimage"},"image":{"@id":"https:\/\/www.wiego.org\/fr\/blog\/plaidoyer-pour-lacces-aux-vaccins-contre-la-covid-19-les-travailleuseeurs-nous-partagent-leurs\/#primaryimage"},"thumbnailUrl":"https:\/\/www.wiego.org\/wp-content\/uploads\/2021\/12\/Durban_Waste Picker_Jonathan_Torgovinik_Hero.jpg","datePublished":"2021-12-13T17:00:00+00:00","dateModified":"2025-03-07T21:53:07+00:00","breadcrumb":{"@id":"https:\/\/www.wiego.org\/fr\/blog\/plaidoyer-pour-lacces-aux-vaccins-contre-la-covid-19-les-travailleuseeurs-nous-partagent-leurs\/#breadcrumb"},"inLanguage":"fr-FR","potentialAction":[{"@type":"ReadAction","target":["https:\/\/www.wiego.org\/fr\/blog\/plaidoyer-pour-lacces-aux-vaccins-contre-la-covid-19-les-travailleuseeurs-nous-partagent-leurs\/"]}]},{"@type":"ImageObject","inLanguage":"fr-FR","@id":"https:\/\/www.wiego.org\/fr\/blog\/plaidoyer-pour-lacces-aux-vaccins-contre-la-covid-19-les-travailleuseeurs-nous-partagent-leurs\/#primaryimage","url":"https:\/\/www.wiego.org\/wp-content\/uploads\/2021\/12\/Durban_Waste Picker_Jonathan_Torgovinik_Hero.jpg","contentUrl":"https:\/\/www.wiego.org\/wp-content\/uploads\/2021\/12\/Durban_Waste Picker_Jonathan_Torgovinik_Hero.jpg","width":1140,"height":430,"caption":"A waste picker in Durban"},{"@type":"WebSite","@id":"https:\/\/www.wiego.org\/fr\/#website","url":"https:\/\/www.wiego.org\/fr\/","name":"WIEGO","description":"","publisher":{"@id":"https:\/\/www.wiego.org\/fr\/#organization"},"potentialAction":[{"@type":"SearchAction","target":{"@type":"EntryPoint","urlTemplate":"https:\/\/www.wiego.org\/fr\/?s={search_term_string}"},"query-input":{"@type":"PropertyValueSpecification","valueRequired":true,"valueName":"search_term_string"}}],"inLanguage":"fr-FR"},{"@type":"Organization","@id":"https:\/\/www.wiego.org\/fr\/#organization","name":"WIEGO","url":"https:\/\/www.wiego.org\/fr\/","logo":{"@type":"ImageObject","inLanguage":"fr-FR","@id":"https:\/\/www.wiego.org\/fr\/#\/schema\/logo\/image\/","url":"https:\/\/www.wiego.org\/wp-content\/uploads\/2024\/12\/logo.svg","contentUrl":"https:\/\/www.wiego.org\/wp-content\/uploads\/2024\/12\/logo.svg","width":142,"height":90,"caption":"WIEGO"},"image":{"@id":"https:\/\/www.wiego.org\/fr\/#\/schema\/logo\/image\/"},"sameAs":["https:\/\/www.facebook.com\/wiegoglobal\/","https:\/\/x.com\/wiegoglobal","https:\/\/www.linkedin.com\/company\/wiego\/","https:\/\/www.youtube.com\/user\/wiegoglobal"],"description":"WIEGO is a global network that supports the movement of workers in informal employment."},{"@type":"BreadcrumbList","itemListElement":[{"@type":"ListItem","position":1,"item":{"@id":"https:\/\/www.wiego.org\/fr\/","name":"WIEGO"}},{"@type":"ListItem","position":2,"item":{"@id":"https:\/\/www.wiego.org\/fr\/blog\/","name":"Blog WIEGO"}}],"@id":"\/#breadcrumb"}]}},"_links":{"self":[{"href":"https:\/\/www.wiego.org\/fr\/wp-json\/wp\/v2\/posts\/26729","targetHints":{"allow":["GET"]}}],"collection":[{"href":"https:\/\/www.wiego.org\/fr\/wp-json\/wp\/v2\/posts"}],"about":[{"href":"https:\/\/www.wiego.org\/fr\/wp-json\/wp\/v2\/types\/post"}],"author":[{"embeddable":true,"href":"https:\/\/www.wiego.org\/fr\/wp-json\/wp\/v2\/users\/2"}],"replies":[{"embeddable":true,"href":"https:\/\/www.wiego.org\/fr\/wp-json\/wp\/v2\/comments?post=26729"}],"version-history":[{"count":1,"href":"https:\/\/www.wiego.org\/fr\/wp-json\/wp\/v2\/posts\/26729\/revisions"}],"predecessor-version":[{"id":46440,"href":"https:\/\/www.wiego.org\/fr\/wp-json\/wp\/v2\/posts\/26729\/revisions\/46440"}],"wp:featuredmedia":[{"embeddable":true,"href":"https:\/\/www.wiego.org\/fr\/wp-json\/wp\/v2\/media\/18764"}],"wp:attachment":[{"href":"https:\/\/www.wiego.org\/fr\/wp-json\/wp\/v2\/media?parent=26729"}],"curies":[{"name":"wp","href":"https:\/\/api.w.org\/{rel}","templated":true}]}}