{"id":26152,"date":"2022-03-04T16:20:04","date_gmt":"2022-03-04T21:20:04","guid":{"rendered":"https:\/\/wiego.local\/fr-journee-internationale-des-femmes-2022\/"},"modified":"2024-07-11T10:44:34","modified_gmt":"2024-07-11T14:44:34","slug":"journee-internationale-des-femmes-2022","status":"publish","type":"post","link":"https:\/\/www.wiego.org\/fr\/blog\/journee-internationale-des-femmes-2022\/","title":{"rendered":"Journ\u00e9e internationale des femmes 2022"},"content":{"rendered":"<p>\u00c0 l\u2019occasion de la Journ\u00e9e internationale des femmes, WIEGO examine les fondations pos\u00e9es par les dirigeantes des organisations de travailleuse\u00b7eur\u00b7s pendant la pand\u00e9mie pour une approche ascendante de la reprise \u00e9conomique. En construisant une r\u00e9ponse \u00e0 la crise fond\u00e9e sur des strat\u00e9gies d\u2019entraide, de solidarit\u00e9 et de plaidoyer, elles nous montrent que l\u2019action publique doit s\u2019appuyer sur des exp\u00e9riences de terrain, y compris celles des femmes. Les gouvernements doivent se coordonner et coop\u00e9rer avec les organisations de travailleuse\u00b7eur\u00b7s pour renforcer les filets de s\u00e9curit\u00e9 et prot\u00e9ger les moyens de subsistance des travailleuse\u00b7eur\u00b7s et des femmes.<\/p>\n<p>Il est urgent d\u2019adopter une approche inclusive de la reprise qui tienne compte de la dimension de genre car, sans cela, les in\u00e9galit\u00e9s de genre s\u2019aggraveront et la <a href=\"https:\/\/www.unwomen.org\/sites\/default\/files\/Headquarters\/Attachments\/Sections\/Library\/Publications\/2020\/Gender-equality-in-the-wake-of-COVID-19-en.pdf\">repr\u00e9sentation disproportionn\u00e9e des femmes parmi les personnes d\u00e9munies<\/a> augmentera. La pand\u00e9mie de la COVID-19, comme la r\u00e9cession mondiale de 2008 avant, nous rappelle que les crises repr\u00e9sentent des chances \u00e0 saisir afin de proposer d\u2019autres visions sociopolitiques et \u00e9conomiques pour l\u2019avenir. Alors que nous entrons dans une d\u00e9cennie de chocs climatiques, il est d\u2019autant plus important d\u2019examiner le travail de ces organisations et leur r\u00f4le dans la protection des moyens de subsistance de leurs membres.<\/p>\n<h4>Voici leurs histoires\u00a0:<\/h4>\n<table border=\"0\" cellpadding=\"0\" cellspacing=\"0\" style=\"width: 100%;\">\n<tbody>\n<tr>\n<td><a data-entity-substitution=\"canonical\" data-entity-type=\"node\" data-entity-uuid=\"279b296e-4615-48e8-a343-5ccd8f0ad4bb\" href=\"\/fr\/reshmaben-bashirkhan-pathan-une-leader-de-travailleuseeurs-domicile-ahmedabad-inde\"><img loading=\"lazy\" decoding=\"async\" alt=\"Workstation of a home-based worker in Ahmedabad, India\" height=\"179\" src=\"https:\/\/www.wiego.org\/sites\/default\/files\/2022-03\/Thumbnail_IMG_0726.jpg\" style=\"margin-top: 0px\" width=\"276\" class=\"align-left\" \/><strong>Reshmaben Bashirkhan Pathan<\/strong><\/a>, leader de travailleuse\u00b7eur\u00b7s \u00e0 domicile \u00e0 Ahmedabad, Inde. Elle est une des dirigeantes de l\u2019Association des femmes ind\u00e9pendantes (SEWA) et contribue \u00e0 sensibiliser les travailleuse\u00b7eur\u00b7s \u00e0 l\u2019importance de la vaccination et de la protection contre le virus.<\/td>\n<\/tr>\n<\/tbody>\n<\/table>\n<table border=\"0\" cellpadding=\"0\" cellspacing=\"0\" style=\"width: 100%;\">\n<tbody>\n<tr>\n<td><a data-entity-substitution=\"canonical\" data-entity-type=\"node\" data-entity-uuid=\"04a610bc-0a16-42b2-8dfe-ba28f78f3506\" href=\"\/fr\/renu-dirigeante-des-vendeuseeurs-de-bangkok-en-thailande\"><img loading=\"lazy\" decoding=\"async\" alt=\"Renu at her stall in Bangkok, Thailand, before the pandemic, in 2015\" height=\"179\" src=\"https:\/\/www.wiego.org\/sites\/default\/files\/2022-03\/Thumbnail-Hewlett_Thailand_FullRelease_311.jpg\" style=\"margin-top: 0px\" width=\"276\" class=\"align-left\" \/><strong>Renu<\/strong><\/a>, leader des vendeuse\u00b7eur\u00b7s \u00e0 Bangkok, Tha\u00eflande. Avec d\u2019autres leaders de la coop\u00e9rative de services Mubaan Nakila, elle apporte un soutien aux vendeuse\u00b7eur\u00b7s et \u00e0 leurs familles pendant la crise en participant \u00e0 la distribution de l\u2019aide alimentaire, en facilitant l\u2019acc\u00e8s aux services m\u00e9dicaux, en n\u00e9gociant les protocoles de s\u00e9curit\u00e9 sur le march\u00e9 avec les autorit\u00e9s locales et en plaidant pour le retour des vendeuse\u00b7eur\u00b7s expuls\u00e9\u00b7e\u00b7s des zones commerciales.<br \/>\n\t\t\t\u00a0<\/td>\n<\/tr>\n<\/tbody>\n<\/table>\n<table border=\"0\" cellpadding=\"0\" cellspacing=\"0\" style=\"width: 100%;\">\n<tbody>\n<tr>\n<td><a data-entity-substitution=\"canonical\" data-entity-type=\"node\" data-entity-uuid=\"eebdbb63-13e8-47c1-9012-6587bcd6829f\" href=\"\/fr\/rukaya-bawule-une-leader-kayayei-accra-au-ghana\"><img loading=\"lazy\" decoding=\"async\" alt=\"Kayayei carry a load full of goods on their heads at Agbogbloshie Market in Accra, Ghana\" height=\"179\" src=\"https:\/\/www.wiego.org\/sites\/default\/files\/2022-03\/Thumbnail-WIEGO_ACCRA_8059_FULLY_RELEASED.jpg\" style=\"margin-top: 0px\" width=\"276\" class=\"align-left\" \/><\/a><strong><a data-entity-substitution=\"canonical\" data-entity-type=\"node\" data-entity-uuid=\"eebdbb63-13e8-47c1-9012-6587bcd6829f\" href=\"\/fr\/rukaya-bawule-une-leader-kayayei-accra-au-ghana\">Rukaya Bawule<\/a><\/strong>, leader <em>kayayei<\/em> \u00e0 Accra, Ghana. \u00c0 travers son organisation, l\u2019Association <em>Old Fadama Kayayei<\/em>, Rukaya soutient les kayayei pendant la pand\u00e9mie en partageant des informations sur l\u2019importance des EPI et de la vaccination, puis en plaidant pour leurs besoins aupr\u00e8s du gouvernement local, dans un contexte de r\u00e9pression croissante.<\/td>\n<\/tr>\n<\/tbody>\n<\/table>\n<table border=\"0\" cellpadding=\"0\" cellspacing=\"0\" style=\"width: 100%;\">\n<tbody>\n<tr>\n<td><a data-entity-substitution=\"canonical\" data-entity-type=\"node\" data-entity-uuid=\"c217e473-fc2b-4e98-86fd-023544ef28b1\" href=\"\/fr\/coura-ndiaye-une-dirigeante-des-recuperatriceeurs-de-dechets-dakar-au-senegal\"><img decoding=\"async\" alt=\"Coura Ndiaye, a leader of Bokk Diom, washing bottles at the Mbeubeuss dump in Dakar, Senegal in January 2017\" src=\"https:\/\/www.wiego.org\/sites\/default\/files\/2022-03\/Thumbnail_Coura-Ndiaye%2C-head-of-women-affairs%2C-leadership-of-Bokk-Diom%2C-washing-bottles%2C-Mbeubeuss%2C-January-2017-2%2C-Vanessa-Pillay.jpg\" style=\"margin-top: 0px\" class=\"align-left\" \/><\/a> <a data-entity-substitution=\"canonical\" data-entity-type=\"node\" data-entity-uuid=\"c217e473-fc2b-4e98-86fd-023544ef28b1\" href=\"\/fr\/coura-ndiaye-une-dirigeante-des-recuperatriceeurs-de-dechets-dakar-au-senegal\"><strong>Coura Ndiaye<\/strong><\/a>, leader des r\u00e9cup\u00e9ratrice\u00b7eur\u00b7s de mat\u00e9riaux \u00e0 Dakar, S\u00e9n\u00e9gal. Son organisation, Bokk Diom, \u0153uvre pour relever les d\u00e9fis et les besoins de plaidoyer occasionn\u00e9s par la pand\u00e9mie, ainsi que la menace de fermeture de la d\u00e9charge par le gouvernement. Elle exige aupr\u00e8s du gouvernement d\u2019am\u00e9liorer les conditions de travail dans la d\u00e9charge et d\u2019inclure les r\u00e9cup\u00e9ratrice\u00b7eur\u00b7s dans les discussions concernant leur avenir.<\/td>\n<\/tr>\n<\/tbody>\n<\/table>\n<table border=\"0\" cellpadding=\"0\" cellspacing=\"0\" style=\"width: 100%;\">\n<tbody>\n<tr>\n<td><a data-entity-substitution=\"canonical\" data-entity-type=\"node\" data-entity-uuid=\"5dc86da1-a4c5-4fcf-9b40-262499d0c34c\" href=\"\/fr\/norma-palacios-leader-des-travailleuses-domestiques-mexico\"><img decoding=\"async\" alt=\"Norma Palacios\" src=\"https:\/\/www.wiego.org\/sites\/default\/files\/2022-03\/Thumbnail-Norma-Palacios.jpg\" style=\"margin-top: 0px\" class=\"align-left\" \/><strong>Norma Palacios<\/strong><\/a>, leader des travailleuses domestiques \u00e0 Mexico. Par l\u2019interm\u00e9diaire de SINACTRAHO, un syndicat de travailleuses domestiques au Mexique qu\u2019elle a contribu\u00e9 \u00e0 fonder, elle apporte un soutien \u00e9conomique et \u00e9motionnel ainsi que des conseils juridiques aux travailleuses pendant la pand\u00e9mie.<\/td>\n<\/tr>\n<\/tbody>\n<\/table>\n<hr \/>\n<p>Ces r\u00e9cits se basent sur des entretiens men\u00e9s avec des travailleuse\u00b7eur\u00b7s pour la phase 2 de l\u2019<a data-entity-substitution=\"canonical\" data-entity-type=\"node\" data-entity-uuid=\"fd95cba1-56fe-4df9-941f-ab64baf23713\" href=\"\/fr\/etude-sur-la-crise-de-la-covid-19-et-leconomie-informelle\">\u00c9tude sur la crise de la COVID-19 et l\u2019\u00e9conomie informelle<\/a> de WIEGO, qui a eu lieu \u00e0 la mi-2021. Pour en savoir plus sur le redressement des travailleuse\u00b7eur\u00b7s du fait de la COVID-19 dans les 12 villes \u00e9tudi\u00e9es, cliquez <a data-entity-substitution=\"canonical\" data-entity-type=\"node\" data-entity-uuid=\"62d00481-9ba6-4e86-88f9-f4b80606ab2a\" href=\"https:\/\/www.wiego.org\/fr\/etude-sur-la-crise-de-la-covid-19-et-leconomie-informelle-fiches-dinformation-par-ville\/\">ici<\/a>. Un r\u00e9sum\u00e9 complet des r\u00e9sultats de l\u2019\u00e9tude est disponible <a data-entity-substitution=\"canonical\" data-entity-type=\"node\" data-entity-uuid=\"5eb8c83a-f5be-4ac1-94ec-3b35708076f9\" href=\"\/fr\/ressources\/resume-la-crise-est-loin-detre-finie-pour-les-travailleuseeurs-de-linformel-0\">ici<\/a>.<\/p>\n<hr \/>\n<h5>Photo principale\u00a0: Des kayayei portant des marchandises sur leur t\u00eate au march\u00e9 de Kantamanto \u00e0 Accra, au Ghana. La nuit, beaucoup de kayayei, faute de pouvoir se payer un logement, dorment dehors ou dans le march\u00e9, ce qui en fait une cible pour les voleuse\u00b7eur\u00b7s. Cr\u00e9dit photo\u00a0: Jonathan Torgovnik\/Getty Images Reportage<\/h5>\n","protected":false},"excerpt":{"rendered":"<p>\u00c0 l\u2019occasion de la Journ\u00e9e internationale des femmes, WIEGO examine les fondations pos\u00e9es par les dirigeantes des organisations de travailleuse\u00b7eur\u00b7s pendant la pand\u00e9mie pour une approche ascendante de la reprise \u00e9conomique. En construisant une r\u00e9ponse \u00e0 la crise fond\u00e9e sur des strat\u00e9gies d\u2019entraide, de solidarit\u00e9 et de plaidoyer, elles nous montrent que l\u2019action publique doit s\u2019appuyer sur des exp\u00e9riences de terrain, y compris celles des femmes.<\/p>\n","protected":false},"author":2,"featured_media":19101,"comment_status":"closed","ping_status":"closed","sticky":false,"template":"","format":"standard","meta":{"_acf_changed":false,"_relevanssi_hide_post":"","_relevanssi_hide_content":"","_relevanssi_pin_for_all":"","_relevanssi_pin_keywords":"","_relevanssi_unpin_keywords":"","_relevanssi_related_keywords":"","_relevanssi_related_include_ids":"","_relevanssi_related_exclude_ids":"","_relevanssi_related_no_append":"","_relevanssi_related_not_related":"","_relevanssi_related_posts":"","_relevanssi_noindex_reason":"","footnotes":""},"class_list":["post-26152","post","type-post","status-publish","format-standard","has-post-thumbnail","hentry","economy-theme-ess-cooperatives","economy-theme-estudio-crisis-covid-19","economy-theme-etude-crise-covid-19","economy-theme-garde-denfants","economy-theme-initiatives-de-recherche-speciales","economy-theme-moyens-de-subsistance","economy-theme-negociation-collective","economy-theme-plaidoyer-negociations-mondial","economy-theme-profils-temoignages-des-travailleuseeurs","region-accra","region-bangkok","region-dakar","region-ghana","region-inde","region-mexico","region-mexique","region-senegal","region-thailande"],"acf":[],"yoast_head":"<!-- This site is optimized with the Yoast SEO Premium plugin v23.8 (Yoast SEO v27.4) - https:\/\/yoast.com\/product\/yoast-seo-premium-wordpress\/ -->\n<title>Journ\u00e9e internationale des femmes 2022 - WIEGO<\/title>\n<meta name=\"robots\" content=\"index, follow, max-snippet:-1, max-image-preview:large, max-video-preview:-1\" \/>\n<link rel=\"canonical\" href=\"https:\/\/www.wiego.org\/fr\/blog\/journee-internationale-des-femmes-2022\/\" \/>\n<meta property=\"og:locale\" content=\"fr_FR\" \/>\n<meta property=\"og:type\" content=\"article\" \/>\n<meta property=\"og:title\" content=\"Journ\u00e9e internationale des femmes 2022\" \/>\n<meta property=\"og:description\" content=\"\u00c0 l\u2019occasion de la Journ\u00e9e internationale des femmes, WIEGO examine les fondations pos\u00e9es par les dirigeantes des organisations de travailleuse\u00b7eur\u00b7s pendant la pand\u00e9mie pour une approche ascendante de la reprise \u00e9conomique. En construisant une r\u00e9ponse \u00e0 la crise fond\u00e9e sur des strat\u00e9gies d\u2019entraide, de solidarit\u00e9 et de plaidoyer, elles nous montrent que l\u2019action publique doit s\u2019appuyer sur des exp\u00e9riences de terrain, y compris celles des femmes.\" \/>\n<meta property=\"og:url\" content=\"https:\/\/www.wiego.org\/fr\/blog\/journee-internationale-des-femmes-2022\/\" \/>\n<meta property=\"og:site_name\" content=\"WIEGO\" \/>\n<meta property=\"article:publisher\" content=\"https:\/\/www.facebook.com\/wiegoglobal\/\" \/>\n<meta property=\"article:published_time\" content=\"2022-03-04T21:20:04+00:00\" \/>\n<meta property=\"article:modified_time\" content=\"2024-07-11T14:44:34+00:00\" \/>\n<meta property=\"og:image\" content=\"http:\/\/www.wiego.org\/wp-content\/uploads\/2022\/03\/Carousel-WIEGO_ACCRA_8019_FULLY_RELEASED.jpg\" \/>\n\t<meta property=\"og:image:width\" content=\"1920\" \/>\n\t<meta property=\"og:image:height\" content=\"600\" \/>\n\t<meta property=\"og:image:type\" content=\"image\/jpeg\" \/>\n<meta name=\"author\" content=\"The WIEGO Team\" \/>\n<meta name=\"twitter:card\" content=\"summary_large_image\" \/>\n<meta name=\"twitter:creator\" content=\"@wiegoglobal\" \/>\n<meta name=\"twitter:site\" content=\"@wiegoglobal\" \/>\n<meta name=\"twitter:label1\" content=\"Written by\" \/>\n\t<meta name=\"twitter:data1\" content=\"The WIEGO Team\" \/>\n\t<meta name=\"twitter:label2\" content=\"Est. reading time\" \/>\n\t<meta name=\"twitter:data2\" content=\"3 minutes\" \/>\n<script type=\"application\/ld+json\" class=\"yoast-schema-graph\">{\"@context\":\"https:\\\/\\\/schema.org\",\"@graph\":[{\"@type\":\"Article\",\"@id\":\"https:\\\/\\\/www.wiego.org\\\/fr\\\/blog\\\/journee-internationale-des-femmes-2022\\\/#article\",\"isPartOf\":{\"@id\":\"https:\\\/\\\/www.wiego.org\\\/fr\\\/blog\\\/journee-internationale-des-femmes-2022\\\/\"},\"author\":{\"name\":\"The WIEGO Team\",\"@id\":\"https:\\\/\\\/www.wiego.org\\\/fr\\\/#\\\/schema\\\/person\\\/a59b513607ebe888542e7f3325fc7769\"},\"headline\":\"Journ\u00e9e internationale des femmes 2022\",\"datePublished\":\"2022-03-04T21:20:04+00:00\",\"dateModified\":\"2024-07-11T14:44:34+00:00\",\"mainEntityOfPage\":{\"@id\":\"https:\\\/\\\/www.wiego.org\\\/fr\\\/blog\\\/journee-internationale-des-femmes-2022\\\/\"},\"wordCount\":673,\"publisher\":{\"@id\":\"https:\\\/\\\/www.wiego.org\\\/fr\\\/#organization\"},\"image\":{\"@id\":\"https:\\\/\\\/www.wiego.org\\\/fr\\\/blog\\\/journee-internationale-des-femmes-2022\\\/#primaryimage\"},\"thumbnailUrl\":\"https:\\\/\\\/www.wiego.org\\\/wp-content\\\/uploads\\\/2022\\\/03\\\/Carousel-WIEGO_ACCRA_8019_FULLY_RELEASED.jpg\",\"inLanguage\":\"fr-FR\"},{\"@type\":\"WebPage\",\"@id\":\"https:\\\/\\\/www.wiego.org\\\/fr\\\/blog\\\/journee-internationale-des-femmes-2022\\\/\",\"url\":\"https:\\\/\\\/www.wiego.org\\\/fr\\\/blog\\\/journee-internationale-des-femmes-2022\\\/\",\"name\":\"Journ\u00e9e internationale des femmes 2022 - WIEGO\",\"isPartOf\":{\"@id\":\"https:\\\/\\\/www.wiego.org\\\/fr\\\/#website\"},\"primaryImageOfPage\":{\"@id\":\"https:\\\/\\\/www.wiego.org\\\/fr\\\/blog\\\/journee-internationale-des-femmes-2022\\\/#primaryimage\"},\"image\":{\"@id\":\"https:\\\/\\\/www.wiego.org\\\/fr\\\/blog\\\/journee-internationale-des-femmes-2022\\\/#primaryimage\"},\"thumbnailUrl\":\"https:\\\/\\\/www.wiego.org\\\/wp-content\\\/uploads\\\/2022\\\/03\\\/Carousel-WIEGO_ACCRA_8019_FULLY_RELEASED.jpg\",\"datePublished\":\"2022-03-04T21:20:04+00:00\",\"dateModified\":\"2024-07-11T14:44:34+00:00\",\"breadcrumb\":{\"@id\":\"https:\\\/\\\/www.wiego.org\\\/fr\\\/blog\\\/journee-internationale-des-femmes-2022\\\/#breadcrumb\"},\"inLanguage\":\"fr-FR\",\"potentialAction\":[{\"@type\":\"ReadAction\",\"target\":[\"https:\\\/\\\/www.wiego.org\\\/fr\\\/blog\\\/journee-internationale-des-femmes-2022\\\/\"]}]},{\"@type\":\"ImageObject\",\"inLanguage\":\"fr-FR\",\"@id\":\"https:\\\/\\\/www.wiego.org\\\/fr\\\/blog\\\/journee-internationale-des-femmes-2022\\\/#primaryimage\",\"url\":\"https:\\\/\\\/www.wiego.org\\\/wp-content\\\/uploads\\\/2022\\\/03\\\/Carousel-WIEGO_ACCRA_8019_FULLY_RELEASED.jpg\",\"contentUrl\":\"https:\\\/\\\/www.wiego.org\\\/wp-content\\\/uploads\\\/2022\\\/03\\\/Carousel-WIEGO_ACCRA_8019_FULLY_RELEASED.jpg\",\"width\":1920,\"height\":600},{\"@type\":\"WebSite\",\"@id\":\"https:\\\/\\\/www.wiego.org\\\/fr\\\/#website\",\"url\":\"https:\\\/\\\/www.wiego.org\\\/fr\\\/\",\"name\":\"WIEGO\",\"description\":\"\",\"publisher\":{\"@id\":\"https:\\\/\\\/www.wiego.org\\\/fr\\\/#organization\"},\"potentialAction\":[{\"@type\":\"SearchAction\",\"target\":{\"@type\":\"EntryPoint\",\"urlTemplate\":\"https:\\\/\\\/www.wiego.org\\\/fr\\\/?s={search_term_string}\"},\"query-input\":{\"@type\":\"PropertyValueSpecification\",\"valueRequired\":true,\"valueName\":\"search_term_string\"}}],\"inLanguage\":\"fr-FR\"},{\"@type\":\"Organization\",\"@id\":\"https:\\\/\\\/www.wiego.org\\\/fr\\\/#organization\",\"name\":\"WIEGO\",\"url\":\"https:\\\/\\\/www.wiego.org\\\/fr\\\/\",\"logo\":{\"@type\":\"ImageObject\",\"inLanguage\":\"fr-FR\",\"@id\":\"https:\\\/\\\/www.wiego.org\\\/fr\\\/#\\\/schema\\\/logo\\\/image\\\/\",\"url\":\"https:\\\/\\\/www.wiego.org\\\/wp-content\\\/uploads\\\/2024\\\/12\\\/logo.svg\",\"contentUrl\":\"https:\\\/\\\/www.wiego.org\\\/wp-content\\\/uploads\\\/2024\\\/12\\\/logo.svg\",\"width\":142,\"height\":90,\"caption\":\"WIEGO\"},\"image\":{\"@id\":\"https:\\\/\\\/www.wiego.org\\\/fr\\\/#\\\/schema\\\/logo\\\/image\\\/\"},\"sameAs\":[\"https:\\\/\\\/www.facebook.com\\\/wiegoglobal\\\/\",\"https:\\\/\\\/x.com\\\/wiegoglobal\",\"https:\\\/\\\/www.linkedin.com\\\/company\\\/wiego\\\/\",\"https:\\\/\\\/www.youtube.com\\\/user\\\/wiegoglobal\"],\"description\":\"WIEGO is a global network that supports the movement of workers in informal employment.\"},{\"@type\":\"BreadcrumbList\",\"itemListElement\":[{\"@type\":\"ListItem\",\"position\":1,\"item\":{\"@id\":\"https:\\\/\\\/www.wiego.org\\\/fr\\\/\",\"name\":\"WIEGO\"}},{\"@type\":\"ListItem\",\"position\":2,\"item\":{\"@id\":\"https:\\\/\\\/www.wiego.org\\\/fr\\\/blog\\\/\",\"name\":\"Blog WIEGO\"}}],\"@id\":\"\\\/#breadcrumb\"}]}<\/script>\n<!-- \/ Yoast SEO Premium plugin. -->","yoast_head_json":{"title":"Journ\u00e9e internationale des femmes 2022 - WIEGO","robots":{"index":"index","follow":"follow","max-snippet":"max-snippet:-1","max-image-preview":"max-image-preview:large","max-video-preview":"max-video-preview:-1"},"canonical":"https:\/\/www.wiego.org\/fr\/blog\/journee-internationale-des-femmes-2022\/","og_locale":"fr_FR","og_type":"article","og_title":"Journ\u00e9e internationale des femmes 2022","og_description":"\u00c0 l\u2019occasion de la Journ\u00e9e internationale des femmes, WIEGO examine les fondations pos\u00e9es par les dirigeantes des organisations de travailleuse\u00b7eur\u00b7s pendant la pand\u00e9mie pour une approche ascendante de la reprise \u00e9conomique. En construisant une r\u00e9ponse \u00e0 la crise fond\u00e9e sur des strat\u00e9gies d\u2019entraide, de solidarit\u00e9 et de plaidoyer, elles nous montrent que l\u2019action publique doit s\u2019appuyer sur des exp\u00e9riences de terrain, y compris celles des femmes.","og_url":"https:\/\/www.wiego.org\/fr\/blog\/journee-internationale-des-femmes-2022\/","og_site_name":"WIEGO","article_publisher":"https:\/\/www.facebook.com\/wiegoglobal\/","article_published_time":"2022-03-04T21:20:04+00:00","article_modified_time":"2024-07-11T14:44:34+00:00","og_image":[{"width":1920,"height":600,"url":"http:\/\/www.wiego.org\/wp-content\/uploads\/2022\/03\/Carousel-WIEGO_ACCRA_8019_FULLY_RELEASED.jpg","type":"image\/jpeg"}],"author":"The WIEGO Team","twitter_card":"summary_large_image","twitter_creator":"@wiegoglobal","twitter_site":"@wiegoglobal","twitter_misc":{"Written by":"The WIEGO Team","Est. reading time":"3 minutes"},"schema":{"@context":"https:\/\/schema.org","@graph":[{"@type":"Article","@id":"https:\/\/www.wiego.org\/fr\/blog\/journee-internationale-des-femmes-2022\/#article","isPartOf":{"@id":"https:\/\/www.wiego.org\/fr\/blog\/journee-internationale-des-femmes-2022\/"},"author":{"name":"The WIEGO Team","@id":"https:\/\/www.wiego.org\/fr\/#\/schema\/person\/a59b513607ebe888542e7f3325fc7769"},"headline":"Journ\u00e9e internationale des femmes 2022","datePublished":"2022-03-04T21:20:04+00:00","dateModified":"2024-07-11T14:44:34+00:00","mainEntityOfPage":{"@id":"https:\/\/www.wiego.org\/fr\/blog\/journee-internationale-des-femmes-2022\/"},"wordCount":673,"publisher":{"@id":"https:\/\/www.wiego.org\/fr\/#organization"},"image":{"@id":"https:\/\/www.wiego.org\/fr\/blog\/journee-internationale-des-femmes-2022\/#primaryimage"},"thumbnailUrl":"https:\/\/www.wiego.org\/wp-content\/uploads\/2022\/03\/Carousel-WIEGO_ACCRA_8019_FULLY_RELEASED.jpg","inLanguage":"fr-FR"},{"@type":"WebPage","@id":"https:\/\/www.wiego.org\/fr\/blog\/journee-internationale-des-femmes-2022\/","url":"https:\/\/www.wiego.org\/fr\/blog\/journee-internationale-des-femmes-2022\/","name":"Journ\u00e9e internationale des femmes 2022 - WIEGO","isPartOf":{"@id":"https:\/\/www.wiego.org\/fr\/#website"},"primaryImageOfPage":{"@id":"https:\/\/www.wiego.org\/fr\/blog\/journee-internationale-des-femmes-2022\/#primaryimage"},"image":{"@id":"https:\/\/www.wiego.org\/fr\/blog\/journee-internationale-des-femmes-2022\/#primaryimage"},"thumbnailUrl":"https:\/\/www.wiego.org\/wp-content\/uploads\/2022\/03\/Carousel-WIEGO_ACCRA_8019_FULLY_RELEASED.jpg","datePublished":"2022-03-04T21:20:04+00:00","dateModified":"2024-07-11T14:44:34+00:00","breadcrumb":{"@id":"https:\/\/www.wiego.org\/fr\/blog\/journee-internationale-des-femmes-2022\/#breadcrumb"},"inLanguage":"fr-FR","potentialAction":[{"@type":"ReadAction","target":["https:\/\/www.wiego.org\/fr\/blog\/journee-internationale-des-femmes-2022\/"]}]},{"@type":"ImageObject","inLanguage":"fr-FR","@id":"https:\/\/www.wiego.org\/fr\/blog\/journee-internationale-des-femmes-2022\/#primaryimage","url":"https:\/\/www.wiego.org\/wp-content\/uploads\/2022\/03\/Carousel-WIEGO_ACCRA_8019_FULLY_RELEASED.jpg","contentUrl":"https:\/\/www.wiego.org\/wp-content\/uploads\/2022\/03\/Carousel-WIEGO_ACCRA_8019_FULLY_RELEASED.jpg","width":1920,"height":600},{"@type":"WebSite","@id":"https:\/\/www.wiego.org\/fr\/#website","url":"https:\/\/www.wiego.org\/fr\/","name":"WIEGO","description":"","publisher":{"@id":"https:\/\/www.wiego.org\/fr\/#organization"},"potentialAction":[{"@type":"SearchAction","target":{"@type":"EntryPoint","urlTemplate":"https:\/\/www.wiego.org\/fr\/?s={search_term_string}"},"query-input":{"@type":"PropertyValueSpecification","valueRequired":true,"valueName":"search_term_string"}}],"inLanguage":"fr-FR"},{"@type":"Organization","@id":"https:\/\/www.wiego.org\/fr\/#organization","name":"WIEGO","url":"https:\/\/www.wiego.org\/fr\/","logo":{"@type":"ImageObject","inLanguage":"fr-FR","@id":"https:\/\/www.wiego.org\/fr\/#\/schema\/logo\/image\/","url":"https:\/\/www.wiego.org\/wp-content\/uploads\/2024\/12\/logo.svg","contentUrl":"https:\/\/www.wiego.org\/wp-content\/uploads\/2024\/12\/logo.svg","width":142,"height":90,"caption":"WIEGO"},"image":{"@id":"https:\/\/www.wiego.org\/fr\/#\/schema\/logo\/image\/"},"sameAs":["https:\/\/www.facebook.com\/wiegoglobal\/","https:\/\/x.com\/wiegoglobal","https:\/\/www.linkedin.com\/company\/wiego\/","https:\/\/www.youtube.com\/user\/wiegoglobal"],"description":"WIEGO is a global network that supports the movement of workers in informal employment."},{"@type":"BreadcrumbList","itemListElement":[{"@type":"ListItem","position":1,"item":{"@id":"https:\/\/www.wiego.org\/fr\/","name":"WIEGO"}},{"@type":"ListItem","position":2,"item":{"@id":"https:\/\/www.wiego.org\/fr\/blog\/","name":"Blog WIEGO"}}],"@id":"\/#breadcrumb"}]}},"_links":{"self":[{"href":"https:\/\/www.wiego.org\/fr\/wp-json\/wp\/v2\/posts\/26152","targetHints":{"allow":["GET"]}}],"collection":[{"href":"https:\/\/www.wiego.org\/fr\/wp-json\/wp\/v2\/posts"}],"about":[{"href":"https:\/\/www.wiego.org\/fr\/wp-json\/wp\/v2\/types\/post"}],"author":[{"embeddable":true,"href":"https:\/\/www.wiego.org\/fr\/wp-json\/wp\/v2\/users\/2"}],"replies":[{"embeddable":true,"href":"https:\/\/www.wiego.org\/fr\/wp-json\/wp\/v2\/comments?post=26152"}],"version-history":[{"count":0,"href":"https:\/\/www.wiego.org\/fr\/wp-json\/wp\/v2\/posts\/26152\/revisions"}],"wp:featuredmedia":[{"embeddable":true,"href":"https:\/\/www.wiego.org\/fr\/wp-json\/wp\/v2\/media\/19101"}],"wp:attachment":[{"href":"https:\/\/www.wiego.org\/fr\/wp-json\/wp\/v2\/media?parent=26152"}],"curies":[{"name":"wp","href":"https:\/\/api.w.org\/{rel}","templated":true}]}}