{"id":53243,"date":"2026-02-04T23:07:51","date_gmt":"2026-02-05T04:07:51","guid":{"rendered":"https:\/\/www.wiego.org\/?p=53243"},"modified":"2026-02-04T23:31:24","modified_gmt":"2026-02-05T04:31:24","slug":"evidencia-ignorada-davos-fiscalidad-economia-informal","status":"publish","type":"post","link":"https:\/\/www.wiego.org\/es\/blog\/evidencia-ignorada-davos-fiscalidad-economia-informal\/","title":{"rendered":"Una evidencia ignorada en Davos: fiscalidad y econom\u00eda informal ante la inminente crisis del empleo"},"content":{"rendered":"<p>Mientras l\u00edderes de todo el mundo se daban cita en Davos (Suiza) el pasado mes de enero para la 56.\u00aa reuni\u00f3n anual del Foro Econ\u00f3mico Mundial, las incertidumbres geopol\u00edticas, la irrupci\u00f3n de nuevas tecnolog\u00edas y la r\u00e1pida transformaci\u00f3n de las relaciones comerciales se confirmaban como retos de gran calado para el mundo del trabajo. Para la comunidad internacional del desarrollo, la problem\u00e1tica m\u00e1s apremiante es: \u00bfc\u00f3mo garantizar una vida y unos medios de subsistencia dignos en un contexto de tensiones geoecon\u00f3micas cada vez mayores y de debilitamiento del orden mundial basado en normas?<\/p>\n<p>Con la mirada puesta en la llamada \u201c<a href=\"https:\/\/www.weforum.org\/publications\/four-futures-for-jobs-in-the-new-economy-ai-and-talent-in-2030\/\">nueva econom\u00eda<\/a>\u201d, funcionarixs p\u00fablicxs y l\u00edderes empresariales insisten en que la transformaci\u00f3n de las habilidades y las reformas macroecon\u00f3micas y regulatorias son claves para aprovechar los beneficios econ\u00f3micos y sociales que se le atribuyen. Sin embargo, mientras el foco se centra casi exclusivamente en la inteligencia artificial y la revoluci\u00f3n digital, surge una cuesti\u00f3n ineludible: \u00bfqu\u00e9 pasa con los problemas de empleo aqu\u00ed y ahora?<\/p>\n<p>Seg\u00fan el informe <a href=\"https:\/\/www.ilo.org\/es\/publications\/flagship-reports\/tendencias-sociales-y-del-empleo-2026\">Tendencias sociales y del empleo 2026<\/a>, elaborado por la Organizaci\u00f3n Internacional del Trabajo, cerca de 186 millones de personas est\u00e1n actualmente desempleadas en todo el mundo; a ellas se suman muchas m\u00e1s sin acceso a empleos decentes y estables. Como resultado, la econom\u00eda informal sigue siendo la <a href=\"https:\/\/www.ilo.org\/es\/publications\/mujeres-y-hombres-en-la-economia-informal-un-panorama-estadistico-tercera\">principal fuente de empleo<\/a> y un importante sustento para la mayor\u00eda de lxs trabajadorxs a escala mundial.<\/p>\n<p>Pese a esta realidad, lxs trabajadorxs en empleo informal siguen quedando al margen de las conversaciones sobre el futuro del trabajo.<\/p>\n<h3>Lxs trabajadorxs en empleo informal ya pagan impuestos y nuevas subidas lxs perjudicar\u00edan<\/h3>\n<p>Lxs trabajadorxs en empleo informal deber\u00edan ser reconocidxs como verdaderos motores del desarrollo y del crecimiento econ\u00f3mico. En ciudades como Accra, Bogot\u00e1 o Daca, comunidades enteras dependen de lxs vendedorxs ambulantes y comerciantes de mercado para adquirir alimentos y bienes a precios asequibles. En todo el mundo, adem\u00e1s, ante la insuficiencia de los servicios sociales y de cuidados, son las mujeres y las ni\u00f1as quienes asumen cada d\u00eda alrededor de <a href=\"https:\/\/policy-practice.oxfam.org\/resources\/time-to-care-unpaid-and-underpaid-care-work-and-the-global-inequality-crisis-620928\/\">12\u00a0500 millones de horas<\/a> de trabajo de cuidados sin remuneraci\u00f3n alguna.<\/p>\n<p>Al contrario, cuando se habla de la econom\u00eda informal, estxs trabajadorxs suelen ser retratadxs como un obst\u00e1culo. De ah\u00ed que haya cada vez m\u00e1s inter\u00e9s en <a href=\"https:\/\/www.wiego.org\/es\/blog\/justicia-fiscal-proteccion-social-desarrollo\/\">reglamentar el trabajo informal<\/a> mediante la formalizaci\u00f3n de las empresas informales y su incorporaci\u00f3n a la base tributaria. Subyace a este inter\u00e9s la creencia de que la formalizaci\u00f3n permitir\u00eda aflorar ingresos p\u00fablicos importantes hoy desaprovechados y, de paso, impulsar el crecimiento econ\u00f3mico. Pero un <a href=\"https:\/\/www.ictd.ac\/publication\/price-simplicity-regressive-taxation-accras-informal-sector\/\">estudio de WIEGO, realizado junto con el Centro Internacional de Impuestos y Desarrollo<\/a>, muestra que este enfoque pasa por alto la diversidad de tasas y pagos que lxs trabajadorxs en empleo informal ya aportan a las arcas municipales y nacionales. Adem\u00e1s, tiende a sobrestimar su capacidad para pagar m\u00e1s impuestos de los que ya abonan cuando, en realidad, sus ingresos son bajos e inestables. Es m\u00e1s probable, por lo tanto, que un aumento de la presi\u00f3n fiscal sobre estxs trabajadorxs da\u00f1e sus medios de subsistencia en lugar de mejorarlos, especialmente en los pa\u00edses en desarrollo, donde muchxs ya tienen dificultades para sobrevivir.<\/p>\n<h3>En la pr\u00e1ctica, se recortan los impuestos a las empresas mientras quienes menos ganan pagan m\u00e1s<\/h3>\n<p>Uno de los mensajes recurrentes en Davos fue el <a href=\"https:\/\/www.weforum.org\/stories\/2026\/01\/africa-future-young-population\/\">optimismo persistente<\/a> sobre la capacidad del sector privado para generar riqueza y crear empleo, pese a que numerosos estudios muestran que, en muchas regiones, <a href=\"https:\/\/www.ilo.org\/publications\/major-publications\/global-employment-trends-youth-2024\">la creaci\u00f3n de puestos de trabajo no ha logrado seguir el ritmo<\/a> del crecimiento de la poblaci\u00f3n en edad de trabajar. Los sectores considerados estrat\u00e9gicos \u2013como la inteligencia artificial, la energ\u00eda o las infraestructuras\u2013 se presentan como pilares de un desarrollo incluyente y sostenible. Por eso se anima a los Gobiernos a introducir reformas macroecon\u00f3micas orientadas a incentivar la inversi\u00f3n de las empresas, facilitar la actividad empresarial, fortalecer la competitividad y mejorar la resiliencia de los distintos sectores. En la pr\u00e1ctica, estas medidas suelen traducirse en reformas comerciales y fiscales que rebajan el impuesto de sociedades y simplifican las exigencias regulatorias a nivel nacional.<\/p>\n<p>Al mismo tiempo, las pol\u00edticas p\u00fablicas tienden a ser mucho menos favorables a las actividades de la econom\u00eda informal que a las del sector privado formal. Un <a href=\"https:\/\/www.wiego.org\/research-library-publications\/tight-tax-net-loose-safety-net-taxation-and-social-protection-accras-informal-sector\/\">estudio de WIEGO realizado en 2022<\/a> a 2\u00a0700 trabajadorxs en domicilio, comerciantes de mercado y vendedorxs ambulantes en Accra (Ghana) revel\u00f3 que la fiscalidad en el sector informal es marcadamente regresiva: lxs trabajadorxs con menores ingresos destinan el 17\u00a0% de sus ingresos al pago de impuestos, tasas y otros grav\u00e1menes. Adem\u00e1s, estxs trabajadorxs tienen un acceso muy limitado a los sistemas p\u00fablicos de protecci\u00f3n social y, con frecuencia, se enfrentan a la hostilidad del Estado \u2013por ejemplo, los desalojos\u2013, lo que dificulta seriamente su capacidad para ganarse la vida.<\/p>\n<h3>Abordar la cuesti\u00f3n del abuso fiscal de las empresas podr\u00eda generar ingresos para financiar la protecci\u00f3n social<\/h3>\n<p>Dado que lxs trabajadorxs en empleo informal no suelen estar registradxs para el pago del impuesto sobre la renta, muchxs expertxs sostienen que su inclusi\u00f3n en la base tributaria permitir\u00eda ampliar la cobertura de la protecci\u00f3n social. La narrativa dominante sostiene que la informalidad limita el margen fiscal de los Estados. Sin embargo, las investigaciones de WIEGO sugieren que gravar a lxs trabajadorxs vulnerables en un empleo informal dif\u00edcilmente generar\u00e1 los ingresos sustanciales que anticipan lxs formuladorxs de pol\u00edticas. Adem\u00e1s, diversos estudios muestran que, pese a contribuir a los ingresos p\u00fablicos en distintos niveles, lxs trabajadorxs en empleo informal suelen quedar <a href=\"https:\/\/openknowledge.worldbank.org\/entities\/publication\/0445391c-9b64-4e6e-ad99-617dce4f27bc\">excluidxs de los servicios esenciales<\/a>.<\/p>\n<p>Si bien numerosos Gobiernos buscan incrementar la recaudaci\u00f3n aumentando la carga fiscal sobre lxs trabajadorxs en empleo informal, las investigaciones revelan que los pa\u00edses de renta m\u00e1s baja pierden recursos fiscales equivalentes a m\u00e1s de <a href=\"https:\/\/taxjustice.net\/reports\/the-state-of-tax-justice-2024\/\">un tercio<\/a> de sus presupuestos sanitarios debido a pr\u00e1cticas empresariales que abusan de la fiscalidad. De igual forma, <a href=\"https:\/\/researchonline.lse.ac.uk\/id\/eprint\/107919\/\">un estudio realizado en 18 pa\u00edses de la OCDE<\/a> no encontr\u00f3, a lo largo de un periodo de 50 a\u00f1os, evidencia emp\u00edrica que vinculara las reducciones del impuesto de sociedades con un impulso al empleo o al crecimiento econ\u00f3mico. Por el contrario, lxs ricxs se hicieron m\u00e1s ricxs sin generar beneficios sociales ni econ\u00f3micos significativos. En cambio, el empleo en la econom\u00eda informal ha sido asociado con <a href=\"https:\/\/www.wiego.org\/blog\/can-informal-employment-actually-reduce-poverty\/\">reducciones de la pobreza extrema<\/a> y, en muchas regiones, constituye una fuente vital de ingresos para mujeres y ni\u00f1as en situaci\u00f3n de vulnerabilidad. A pesar de ello, la contribuci\u00f3n de estxs trabajadorxs sigue siendo infravalorada, incluso distorsionada, en los principales debates sobre pol\u00edtica macroecon\u00f3mica.<\/p>\n<h3>WIEGO se asocia con organizaciones de trabajadorxs para abogar por pol\u00edticas fiscales justas generadoras de empleos decentes<\/h3>\n<p>Desde 2018, WIEGO ha abogado por <a href=\"https:\/\/www.wiego.org\/es\/temas\/justicia-fiscal\/\">la justicia fiscal en la econom\u00eda informal<\/a> como una v\u00eda para sostener medios de subsistencia decentes en algunas de las regiones m\u00e1s pobres del mundo. Nuestra investigaci\u00f3n, centrada en los efectos de las pol\u00edticas fiscales regresivas sobre la econom\u00eda informal, ha puesto en duda ideas err\u00f3neas acerca de la contribuci\u00f3n que realizan lxs trabajadorxs a los ingresos p\u00fablicos, lo que ha permitido comprender mejor tanto el prop\u00f3sito como la asignaci\u00f3n de los impuestos en los presupuestos municipales y nacionales. Con el apoyo financiero del fondo Wellspring Philanthropic Fund y en colaboraci\u00f3n con nuestra aliada estrat\u00e9gica StreetNet Internacional, WIEGO est\u00e1 impulsando este trabajo mediante talleres regionales de formaci\u00f3n destinados a fortalecer la capacidad de trabajadorxs y de dirigentes de organizaciones y redes de base de miembros para negociar sistemas fiscales m\u00e1s justos.<\/p>\n<p>Los talleres tienen como objetivo:<\/p>\n<ul>\n<li>Desarrollar un espacio donde lxs trabajadorxs puedan aprender y compartir conocimientos sobre los principales retos fiscales que afectan a los sectores informales.<\/li>\n<li>Ampliar la comprensi\u00f3n de lxs participantes sobre qu\u00e9 constituye un sistema fiscal justo y equitativo.<\/li>\n<li>Facilitar el desarrollo de estrategias de incidencia para abordar las problem\u00e1ticas fiscales.<\/li>\n<li>Mejorar la capacidad de lxs trabajadorxs y de sus dirigentes para intervenir en cuestiones fiscales a nivel local, nacional y regional.<\/li>\n<\/ul>\n<p style=\"text-align: center\"><strong><em>Este conocimiento nos empodera para exigir los cambios que hacen falta y llegar al objetivo.<\/em> \u2014 Participante del taller en Accra<\/strong><\/p>\n<p>El primero de estos talleres de formaci\u00f3n y educaci\u00f3n de trabajadorxs se celebr\u00f3 en 2025, con vendedorxs ambulantes y comerciantes de mercado de Accra como grupo objetivo. El segundo tendr\u00e1 lugar en 2026 en Quito (Ecuador) y reunir\u00e1 a trabajadorxs ecuatorianxs y colombianxs.<\/p>\n<p>En un contexto en el que lxs formuladorxs de las pol\u00edticas fiscales buscan incrementar la recaudaci\u00f3n, el objetivo de WIEGO es garantizar que la carga impositiva no recaiga de manera desproporcionada sobre lxs trabajadorxs en empleo informal. Nuestra investigaci\u00f3n pretende ampliar los debates sobre la formalizaci\u00f3n a fin de incorporar las perspectivas de lxs propixs trabajadorxs. Adem\u00e1s, estamos explorando mecanismos innovadores de financiamiento que permitan ofrecer cobertura a lxs trabajadorxs en empleo informal sin poner en riesgo los objetivos de desarrollo a nivel nacional e internacional. Por \u00faltimo, en un momento en que el mundo dirige su atenci\u00f3n a la llamada \u201cnueva econom\u00eda\u201d, recordamos a lxs l\u00edderes mundiales que no puede haber empleos del ma\u00f1ana sin lxs trabajadorxs de hoy, muchxs de lxs cuales forman parte de la econom\u00eda informal.<\/p>\n","protected":false},"excerpt":{"rendered":"<p>Mientras l\u00edderes de todo el mundo se daban cita en Davos (Suiza) el pasado mes de enero para la 56.\u00aa reuni\u00f3n anual del Foro Econ\u00f3mico Mundial, las incertidumbres geopol\u00edticas, la irrupci\u00f3n de nuevas tecnolog\u00edas y la r\u00e1pida transformaci\u00f3n de las relaciones comerciales se confirmaban como retos de gran calado para el mundo del trabajo. Para [&hellip;]<\/p>\n","protected":false},"author":10,"featured_media":53242,"comment_status":"closed","ping_status":"open","sticky":false,"template":"","format":"standard","meta":{"_acf_changed":false,"_relevanssi_hide_post":"","_relevanssi_hide_content":"","_relevanssi_pin_for_all":"","_relevanssi_pin_keywords":"","_relevanssi_unpin_keywords":"","_relevanssi_related_keywords":"","_relevanssi_related_include_ids":"0","_relevanssi_related_exclude_ids":"","_relevanssi_related_no_append":"","_relevanssi_related_not_related":"","_relevanssi_related_posts":"26841,50864,26789,26846,52168,26267,26828,26827,26840,26614","_relevanssi_noindex_reason":"","footnotes":""},"class_list":["post-53243","post","type-post","status-publish","format-standard","has-post-thumbnail","hentry","economy-theme-financiar-proteccion-social","economy-theme-justicia-fiscal"],"acf":[],"yoast_head":"<!-- This site is optimized with the Yoast SEO Premium plugin v23.8 (Yoast SEO v27.4) - https:\/\/yoast.com\/product\/yoast-seo-premium-wordpress\/ -->\n<title>Una evidencia ignorada en Davos: fiscalidad y econom\u00eda informal ante la inminente crisis del empleo - WIEGO<\/title>\n<meta name=\"robots\" content=\"index, follow, max-snippet:-1, max-image-preview:large, max-video-preview:-1\" \/>\n<link rel=\"canonical\" href=\"https:\/\/www.wiego.org\/es\/blog\/evidencia-ignorada-davos-fiscalidad-economia-informal\/\" \/>\n<meta property=\"og:locale\" content=\"es_ES\" \/>\n<meta property=\"og:type\" content=\"article\" \/>\n<meta property=\"og:title\" content=\"Una evidencia ignorada en Davos: fiscalidad y econom\u00eda informal ante la inminente crisis del empleo\" \/>\n<meta property=\"og:description\" content=\"Mientras l\u00edderes de todo el mundo se daban cita en Davos (Suiza) el pasado mes de enero para la 56.\u00aa reuni\u00f3n anual del Foro Econ\u00f3mico Mundial, las incertidumbres geopol\u00edticas, la irrupci\u00f3n de nuevas tecnolog\u00edas y la r\u00e1pida transformaci\u00f3n de las relaciones comerciales se confirmaban como retos de gran calado para el mundo del trabajo. Para [&hellip;]\" \/>\n<meta property=\"og:url\" content=\"https:\/\/www.wiego.org\/es\/blog\/evidencia-ignorada-davos-fiscalidad-economia-informal\/\" \/>\n<meta property=\"og:site_name\" content=\"WIEGO\" \/>\n<meta property=\"article:publisher\" content=\"https:\/\/www.facebook.com\/wiegoglobal\/\" \/>\n<meta property=\"article:published_time\" content=\"2026-02-05T04:07:51+00:00\" \/>\n<meta property=\"article:modified_time\" content=\"2026-02-05T04:31:24+00:00\" \/>\n<meta property=\"og:image\" content=\"https:\/\/www.wiego.org\/wp-content\/uploads\/2026\/02\/WIEGO-Blog_Tax-Justice_Thumbnail.jpg\" \/>\n\t<meta property=\"og:image:width\" content=\"2048\" \/>\n\t<meta property=\"og:image:height\" content=\"1365\" \/>\n\t<meta property=\"og:image:type\" content=\"image\/jpeg\" \/>\n<meta name=\"author\" content=\"juan\" \/>\n<meta name=\"twitter:card\" content=\"summary_large_image\" \/>\n<meta name=\"twitter:creator\" content=\"@wiegoglobal\" \/>\n<meta name=\"twitter:site\" content=\"@wiegoglobal\" \/>\n<meta name=\"twitter:label1\" content=\"Written by\" \/>\n\t<meta name=\"twitter:data1\" content=\"juan\" \/>\n\t<meta name=\"twitter:label2\" content=\"Est. reading time\" \/>\n\t<meta name=\"twitter:data2\" content=\"7 minutes\" \/>\n<script type=\"application\/ld+json\" class=\"yoast-schema-graph\">{\"@context\":\"https:\\\/\\\/schema.org\",\"@graph\":[{\"@type\":\"Article\",\"@id\":\"https:\\\/\\\/www.wiego.org\\\/es\\\/blog\\\/evidencia-ignorada-davos-fiscalidad-economia-informal\\\/#article\",\"isPartOf\":{\"@id\":\"https:\\\/\\\/www.wiego.org\\\/es\\\/blog\\\/evidencia-ignorada-davos-fiscalidad-economia-informal\\\/\"},\"author\":{\"name\":\"juan\",\"@id\":\"https:\\\/\\\/www.wiego.org\\\/es\\\/#\\\/schema\\\/person\\\/cf9d18e80ddba12163728995f2590506\"},\"headline\":\"Una evidencia ignorada en Davos: fiscalidad y econom\u00eda informal ante la inminente crisis del empleo\",\"datePublished\":\"2026-02-05T04:07:51+00:00\",\"dateModified\":\"2026-02-05T04:31:24+00:00\",\"mainEntityOfPage\":{\"@id\":\"https:\\\/\\\/www.wiego.org\\\/es\\\/blog\\\/evidencia-ignorada-davos-fiscalidad-economia-informal\\\/\"},\"wordCount\":1624,\"publisher\":{\"@id\":\"https:\\\/\\\/www.wiego.org\\\/es\\\/#organization\"},\"image\":{\"@id\":\"https:\\\/\\\/www.wiego.org\\\/es\\\/blog\\\/evidencia-ignorada-davos-fiscalidad-economia-informal\\\/#primaryimage\"},\"thumbnailUrl\":\"https:\\\/\\\/www.wiego.org\\\/wp-content\\\/uploads\\\/2026\\\/02\\\/WIEGO-Blog_Tax-Justice_Thumbnail.jpg\",\"inLanguage\":\"es-ES\"},{\"@type\":\"WebPage\",\"@id\":\"https:\\\/\\\/www.wiego.org\\\/es\\\/blog\\\/evidencia-ignorada-davos-fiscalidad-economia-informal\\\/\",\"url\":\"https:\\\/\\\/www.wiego.org\\\/es\\\/blog\\\/evidencia-ignorada-davos-fiscalidad-economia-informal\\\/\",\"name\":\"Una evidencia ignorada en Davos: fiscalidad y econom\u00eda informal ante la inminente crisis del empleo - WIEGO\",\"isPartOf\":{\"@id\":\"https:\\\/\\\/www.wiego.org\\\/es\\\/#website\"},\"primaryImageOfPage\":{\"@id\":\"https:\\\/\\\/www.wiego.org\\\/es\\\/blog\\\/evidencia-ignorada-davos-fiscalidad-economia-informal\\\/#primaryimage\"},\"image\":{\"@id\":\"https:\\\/\\\/www.wiego.org\\\/es\\\/blog\\\/evidencia-ignorada-davos-fiscalidad-economia-informal\\\/#primaryimage\"},\"thumbnailUrl\":\"https:\\\/\\\/www.wiego.org\\\/wp-content\\\/uploads\\\/2026\\\/02\\\/WIEGO-Blog_Tax-Justice_Thumbnail.jpg\",\"datePublished\":\"2026-02-05T04:07:51+00:00\",\"dateModified\":\"2026-02-05T04:31:24+00:00\",\"breadcrumb\":{\"@id\":\"https:\\\/\\\/www.wiego.org\\\/es\\\/blog\\\/evidencia-ignorada-davos-fiscalidad-economia-informal\\\/#breadcrumb\"},\"inLanguage\":\"es-ES\",\"potentialAction\":[{\"@type\":\"ReadAction\",\"target\":[\"https:\\\/\\\/www.wiego.org\\\/es\\\/blog\\\/evidencia-ignorada-davos-fiscalidad-economia-informal\\\/\"]}]},{\"@type\":\"ImageObject\",\"inLanguage\":\"es-ES\",\"@id\":\"https:\\\/\\\/www.wiego.org\\\/es\\\/blog\\\/evidencia-ignorada-davos-fiscalidad-economia-informal\\\/#primaryimage\",\"url\":\"https:\\\/\\\/www.wiego.org\\\/wp-content\\\/uploads\\\/2026\\\/02\\\/WIEGO-Blog_Tax-Justice_Thumbnail.jpg\",\"contentUrl\":\"https:\\\/\\\/www.wiego.org\\\/wp-content\\\/uploads\\\/2026\\\/02\\\/WIEGO-Blog_Tax-Justice_Thumbnail.jpg\",\"width\":2048,\"height\":1365,\"caption\":\"Reuni\u00f3n anual del Foro Econ\u00f3mico Mundial 2026 en Davos (Suiza). Foto: Thibaut Bouvier \\\/ Foro Econ\u00f3mico Mundial\"},{\"@type\":\"WebSite\",\"@id\":\"https:\\\/\\\/www.wiego.org\\\/es\\\/#website\",\"url\":\"https:\\\/\\\/www.wiego.org\\\/es\\\/\",\"name\":\"WIEGO\",\"description\":\"\",\"publisher\":{\"@id\":\"https:\\\/\\\/www.wiego.org\\\/es\\\/#organization\"},\"potentialAction\":[{\"@type\":\"SearchAction\",\"target\":{\"@type\":\"EntryPoint\",\"urlTemplate\":\"https:\\\/\\\/www.wiego.org\\\/es\\\/?s={search_term_string}\"},\"query-input\":{\"@type\":\"PropertyValueSpecification\",\"valueRequired\":true,\"valueName\":\"search_term_string\"}}],\"inLanguage\":\"es-ES\"},{\"@type\":\"Organization\",\"@id\":\"https:\\\/\\\/www.wiego.org\\\/es\\\/#organization\",\"name\":\"WIEGO\",\"url\":\"https:\\\/\\\/www.wiego.org\\\/es\\\/\",\"logo\":{\"@type\":\"ImageObject\",\"inLanguage\":\"es-ES\",\"@id\":\"https:\\\/\\\/www.wiego.org\\\/es\\\/#\\\/schema\\\/logo\\\/image\\\/\",\"url\":\"https:\\\/\\\/www.wiego.org\\\/wp-content\\\/uploads\\\/2024\\\/12\\\/logo.svg\",\"contentUrl\":\"https:\\\/\\\/www.wiego.org\\\/wp-content\\\/uploads\\\/2024\\\/12\\\/logo.svg\",\"width\":142,\"height\":90,\"caption\":\"WIEGO\"},\"image\":{\"@id\":\"https:\\\/\\\/www.wiego.org\\\/es\\\/#\\\/schema\\\/logo\\\/image\\\/\"},\"sameAs\":[\"https:\\\/\\\/www.facebook.com\\\/wiegoglobal\\\/\",\"https:\\\/\\\/x.com\\\/wiegoglobal\",\"https:\\\/\\\/www.linkedin.com\\\/company\\\/wiego\\\/\",\"https:\\\/\\\/www.youtube.com\\\/user\\\/wiegoglobal\"],\"description\":\"WIEGO is a global network that supports the movement of workers in informal employment.\"},{\"@type\":\"BreadcrumbList\",\"itemListElement\":[{\"@type\":\"ListItem\",\"position\":1,\"item\":{\"@id\":\"https:\\\/\\\/www.wiego.org\\\/es\\\/\",\"name\":\"WIEGO\"}},{\"@type\":\"ListItem\",\"position\":2,\"item\":{\"@id\":\"https:\\\/\\\/www.wiego.org\\\/es\\\/blog\\\/\",\"name\":\"Blog WIEGO\"}}],\"@id\":\"\\\/#breadcrumb\"}]}<\/script>\n<!-- \/ Yoast SEO Premium plugin. -->","yoast_head_json":{"title":"Una evidencia ignorada en Davos: fiscalidad y econom\u00eda informal ante la inminente crisis del empleo - WIEGO","robots":{"index":"index","follow":"follow","max-snippet":"max-snippet:-1","max-image-preview":"max-image-preview:large","max-video-preview":"max-video-preview:-1"},"canonical":"https:\/\/www.wiego.org\/es\/blog\/evidencia-ignorada-davos-fiscalidad-economia-informal\/","og_locale":"es_ES","og_type":"article","og_title":"Una evidencia ignorada en Davos: fiscalidad y econom\u00eda informal ante la inminente crisis del empleo","og_description":"Mientras l\u00edderes de todo el mundo se daban cita en Davos (Suiza) el pasado mes de enero para la 56.\u00aa reuni\u00f3n anual del Foro Econ\u00f3mico Mundial, las incertidumbres geopol\u00edticas, la irrupci\u00f3n de nuevas tecnolog\u00edas y la r\u00e1pida transformaci\u00f3n de las relaciones comerciales se confirmaban como retos de gran calado para el mundo del trabajo. Para [&hellip;]","og_url":"https:\/\/www.wiego.org\/es\/blog\/evidencia-ignorada-davos-fiscalidad-economia-informal\/","og_site_name":"WIEGO","article_publisher":"https:\/\/www.facebook.com\/wiegoglobal\/","article_published_time":"2026-02-05T04:07:51+00:00","article_modified_time":"2026-02-05T04:31:24+00:00","og_image":[{"width":2048,"height":1365,"url":"https:\/\/www.wiego.org\/wp-content\/uploads\/2026\/02\/WIEGO-Blog_Tax-Justice_Thumbnail.jpg","type":"image\/jpeg"}],"author":"juan","twitter_card":"summary_large_image","twitter_creator":"@wiegoglobal","twitter_site":"@wiegoglobal","twitter_misc":{"Written by":"juan","Est. reading time":"7 minutes"},"schema":{"@context":"https:\/\/schema.org","@graph":[{"@type":"Article","@id":"https:\/\/www.wiego.org\/es\/blog\/evidencia-ignorada-davos-fiscalidad-economia-informal\/#article","isPartOf":{"@id":"https:\/\/www.wiego.org\/es\/blog\/evidencia-ignorada-davos-fiscalidad-economia-informal\/"},"author":{"name":"juan","@id":"https:\/\/www.wiego.org\/es\/#\/schema\/person\/cf9d18e80ddba12163728995f2590506"},"headline":"Una evidencia ignorada en Davos: fiscalidad y econom\u00eda informal ante la inminente crisis del empleo","datePublished":"2026-02-05T04:07:51+00:00","dateModified":"2026-02-05T04:31:24+00:00","mainEntityOfPage":{"@id":"https:\/\/www.wiego.org\/es\/blog\/evidencia-ignorada-davos-fiscalidad-economia-informal\/"},"wordCount":1624,"publisher":{"@id":"https:\/\/www.wiego.org\/es\/#organization"},"image":{"@id":"https:\/\/www.wiego.org\/es\/blog\/evidencia-ignorada-davos-fiscalidad-economia-informal\/#primaryimage"},"thumbnailUrl":"https:\/\/www.wiego.org\/wp-content\/uploads\/2026\/02\/WIEGO-Blog_Tax-Justice_Thumbnail.jpg","inLanguage":"es-ES"},{"@type":"WebPage","@id":"https:\/\/www.wiego.org\/es\/blog\/evidencia-ignorada-davos-fiscalidad-economia-informal\/","url":"https:\/\/www.wiego.org\/es\/blog\/evidencia-ignorada-davos-fiscalidad-economia-informal\/","name":"Una evidencia ignorada en Davos: fiscalidad y econom\u00eda informal ante la inminente crisis del empleo - WIEGO","isPartOf":{"@id":"https:\/\/www.wiego.org\/es\/#website"},"primaryImageOfPage":{"@id":"https:\/\/www.wiego.org\/es\/blog\/evidencia-ignorada-davos-fiscalidad-economia-informal\/#primaryimage"},"image":{"@id":"https:\/\/www.wiego.org\/es\/blog\/evidencia-ignorada-davos-fiscalidad-economia-informal\/#primaryimage"},"thumbnailUrl":"https:\/\/www.wiego.org\/wp-content\/uploads\/2026\/02\/WIEGO-Blog_Tax-Justice_Thumbnail.jpg","datePublished":"2026-02-05T04:07:51+00:00","dateModified":"2026-02-05T04:31:24+00:00","breadcrumb":{"@id":"https:\/\/www.wiego.org\/es\/blog\/evidencia-ignorada-davos-fiscalidad-economia-informal\/#breadcrumb"},"inLanguage":"es-ES","potentialAction":[{"@type":"ReadAction","target":["https:\/\/www.wiego.org\/es\/blog\/evidencia-ignorada-davos-fiscalidad-economia-informal\/"]}]},{"@type":"ImageObject","inLanguage":"es-ES","@id":"https:\/\/www.wiego.org\/es\/blog\/evidencia-ignorada-davos-fiscalidad-economia-informal\/#primaryimage","url":"https:\/\/www.wiego.org\/wp-content\/uploads\/2026\/02\/WIEGO-Blog_Tax-Justice_Thumbnail.jpg","contentUrl":"https:\/\/www.wiego.org\/wp-content\/uploads\/2026\/02\/WIEGO-Blog_Tax-Justice_Thumbnail.jpg","width":2048,"height":1365,"caption":"Reuni\u00f3n anual del Foro Econ\u00f3mico Mundial 2026 en Davos (Suiza). Foto: Thibaut Bouvier \/ Foro Econ\u00f3mico Mundial"},{"@type":"WebSite","@id":"https:\/\/www.wiego.org\/es\/#website","url":"https:\/\/www.wiego.org\/es\/","name":"WIEGO","description":"","publisher":{"@id":"https:\/\/www.wiego.org\/es\/#organization"},"potentialAction":[{"@type":"SearchAction","target":{"@type":"EntryPoint","urlTemplate":"https:\/\/www.wiego.org\/es\/?s={search_term_string}"},"query-input":{"@type":"PropertyValueSpecification","valueRequired":true,"valueName":"search_term_string"}}],"inLanguage":"es-ES"},{"@type":"Organization","@id":"https:\/\/www.wiego.org\/es\/#organization","name":"WIEGO","url":"https:\/\/www.wiego.org\/es\/","logo":{"@type":"ImageObject","inLanguage":"es-ES","@id":"https:\/\/www.wiego.org\/es\/#\/schema\/logo\/image\/","url":"https:\/\/www.wiego.org\/wp-content\/uploads\/2024\/12\/logo.svg","contentUrl":"https:\/\/www.wiego.org\/wp-content\/uploads\/2024\/12\/logo.svg","width":142,"height":90,"caption":"WIEGO"},"image":{"@id":"https:\/\/www.wiego.org\/es\/#\/schema\/logo\/image\/"},"sameAs":["https:\/\/www.facebook.com\/wiegoglobal\/","https:\/\/x.com\/wiegoglobal","https:\/\/www.linkedin.com\/company\/wiego\/","https:\/\/www.youtube.com\/user\/wiegoglobal"],"description":"WIEGO is a global network that supports the movement of workers in informal employment."},{"@type":"BreadcrumbList","itemListElement":[{"@type":"ListItem","position":1,"item":{"@id":"https:\/\/www.wiego.org\/es\/","name":"WIEGO"}},{"@type":"ListItem","position":2,"item":{"@id":"https:\/\/www.wiego.org\/es\/blog\/","name":"Blog WIEGO"}}],"@id":"\/#breadcrumb"}]}},"_links":{"self":[{"href":"https:\/\/www.wiego.org\/es\/wp-json\/wp\/v2\/posts\/53243","targetHints":{"allow":["GET"]}}],"collection":[{"href":"https:\/\/www.wiego.org\/es\/wp-json\/wp\/v2\/posts"}],"about":[{"href":"https:\/\/www.wiego.org\/es\/wp-json\/wp\/v2\/types\/post"}],"author":[{"embeddable":true,"href":"https:\/\/www.wiego.org\/es\/wp-json\/wp\/v2\/users\/10"}],"replies":[{"embeddable":true,"href":"https:\/\/www.wiego.org\/es\/wp-json\/wp\/v2\/comments?post=53243"}],"version-history":[{"count":2,"href":"https:\/\/www.wiego.org\/es\/wp-json\/wp\/v2\/posts\/53243\/revisions"}],"predecessor-version":[{"id":53245,"href":"https:\/\/www.wiego.org\/es\/wp-json\/wp\/v2\/posts\/53243\/revisions\/53245"}],"wp:featuredmedia":[{"embeddable":true,"href":"https:\/\/www.wiego.org\/es\/wp-json\/wp\/v2\/media\/53242"}],"wp:attachment":[{"href":"https:\/\/www.wiego.org\/es\/wp-json\/wp\/v2\/media?parent=53243"}],"curies":[{"name":"wp","href":"https:\/\/api.w.org\/{rel}","templated":true}]}}