{"id":44102,"date":"2024-12-04T10:38:48","date_gmt":"2024-12-04T15:38:48","guid":{"rendered":"https:\/\/www.wiego.org\/?p=44102"},"modified":"2025-01-17T10:26:34","modified_gmt":"2025-01-17T15:26:34","slug":"que-significa-la-digitalizacion-de-los-esfuerzos-de-formalizacion-para-lxs-trabajadorxs-en-empleo-informal","status":"publish","type":"post","link":"https:\/\/www.wiego.org\/es\/blog\/que-significa-la-digitalizacion-de-los-esfuerzos-de-formalizacion-para-lxs-trabajadorxs-en-empleo-informal\/","title":{"rendered":"Qu\u00e9 significa la digitalizaci\u00f3n de los esfuerzos de formalizaci\u00f3n para lxs trabajadorxs en empleo informal"},"content":{"rendered":"<p>Si bien la digitalizaci\u00f3n puede traer beneficios como la eficiencia, la conveniencia y un acceso potencialmente m\u00e1s amplio, tambi\u00e9n presenta desaf\u00edos y riesgos significativos para lxs trabajadorxs en empleo informal. Estos riesgos deben ser abordados para garantizar que la digitalizaci\u00f3n \u2014 y la agenda de la formalizaci\u00f3n, cada vez m\u00e1s atada a lo digital \u2014 mejore la equidad y la inclusi\u00f3n en lugar de exacerbar las disparidades existentes.<\/p>\n<h2>Los beneficios y los riesgos para lxs trabajadorxs en empleo informal<\/h2>\n<p>Las herramientas digitales tienen el potencial de transformar la infraestructura al eliminar las ineficiencias que representan una carga desproporcionada para lxs trabajadorxs en empleo informal. Por ejemplo, la habilidad de evitar largas filas para solicitar un permiso comercial o para acceder a beneficios de protecci\u00f3n social puede traducirse directamente en ahorros financieros para lxs trabajadorxs cuyos medios de sustento dependen de sus ganancias diarias. Sin embargo, estos beneficios tambi\u00e9n pueden tener sus lados negativos.<\/p>\n<p>Un informe investigativo reciente titulado <a href=\"https:\/\/www.ids.ac.uk\/publications\/the-digitalisation-of-social-protection-in-africa-the-perspective-of-marginalised-workers\/\">La digitalizaci\u00f3n de la protecci\u00f3n social en \u00c1frica: la perspectiva de lxs trabajadorxs marginalizadxs<\/a>, se\u00f1ala que no todxs lxs trabajadorxs tienen acceso equitativo a las herramientas digitales y que los mismos sistemas dise\u00f1ados para agilizar los procesos pueden excluir inadvertidamente a quienes m\u00e1s necesitan ayuda. En muchas \u00e1reas rurales, la mala conectividad hace que las herramientas digitales sean inaccesibles. Incluso en contextos urbanos, la disponibilidad de datos y tel\u00e9fonos inteligentes a\u00fan es una problem\u00e1tica persistente. Otro obst\u00e1culo significativo es la falta de alfabetizaci\u00f3n digital entre muchxs trabajadorxs en empleo informal. Aunque los programas de capacitaci\u00f3n y <a href=\"https:\/\/www.project-syndicate.org\/commentary\/social-programs-for-informal-workers-must-bridge-digital-divide-by-laura-alfers-2021-06\">el apoyo intermediario de las organizaciones de trabajadorxs<\/a> pueden ayudar a mitigar este problema, las mismas organizaciones de trabajadorxs necesitan de un mayor apoyo para enfrentar este desaf\u00edo. Adem\u00e1s, los sistemas digitales con frecuencia dependen de algoritmos para tomar decisiones, que pueden carecer de transparencia y rendici\u00f3n de cuentas. Esto es particularmente problem\u00e1tico cuando los algoritmos son gestionados por entidades privadas. Lxs trabajadorxs pueden verse excluidxs de los servicios o ser incapaces de exigir rectificaci\u00f3n debido a la naturaleza opaca de los sistemas automatizados.<\/p>\n<p>M\u00e1s all\u00e1 de la protecci\u00f3n social, el auge del dinero digital ha tra\u00eddo consigo nuevas formas de tributaci\u00f3n para lxs trabajadorxs y los comercios de la econom\u00eda informal. La tasa por transferencia electr\u00f3nica de Ghana (E-levy), implementada en 2022, fue un intento expl\u00edcito para gravar la econom\u00eda informal. <a href=\"https:\/\/www.ictd.ac\/publication\/mobile-money-tax-informal-workers-evidence-ghana-e-levy\/\">Una investigaci\u00f3n<\/a> de WIEGO y el Centro Internacional para los Impuestos y el Desarrollo (ICTD) mostr\u00f3 que dicha tasa era regresiva, aunque la implementaci\u00f3n de un piso debajo del cual no se cobraban impuestos s\u00ed funcion\u00f3 para proteger a lxs trabajadorxs m\u00e1s pobres del impuesto. No obstante, la tasa ha recibido una amplia desaprobaci\u00f3n por parte de lxs trabajadorxs en empleo informal, quienes expresaron preocupaciones sobre la equidad y su frustraci\u00f3n con el desempe\u00f1o del Gobierno.<\/p>\n<p>Los desaf\u00edos de la digitalizaci\u00f3n van m\u00e1s all\u00e1 de los impactos m\u00e1s claramente visibles sobre lxs trabajadorxs y se extienden hasta los cambios estructurales que genera en la prestaci\u00f3n de servicios p\u00fablicos. En Mozambique, por ejemplo, <a href=\"https:\/\/soundcloud.com\/informaleconomypodcastsp\/40-political-economy-of-digital-social-protection-in-mazambique?utm_source=clipboard&amp;utm_campaign=wtshare&amp;utm_medium=widget&amp;utm_content=https%253A%252F%252Fsoundcloud.com%252Finformaleconomypodcastsp%252F40-political-economy-of-digital-social-protection-in-mazambique\">Ruth Castel-Branco sostiene<\/a> que la digitalizaci\u00f3n de la protecci\u00f3n social ha sido utilizada como mecanismo para potenciar la privatizaci\u00f3n en los programas p\u00fablicos, impulsada por las instituciones financieras internacionales. Sin embargo, administrar tales programas en pa\u00edses de bajos ingresos como Mozambique a veces no es redituable para las empresas privadas, Como resultado, se presiona a los Gobiernos para \u201cminimizar los riesgos\u201d de la participaci\u00f3n del sector privado mediante la prestaci\u00f3n de un apoyo estatal significativo. A pesar de este apoyo, es posible que el sector privado no vea mayores beneficios y que los Gobiernos tengan que volver a intervenir en la prestaci\u00f3n de servicios. Este ciclo debilita la calidad de los servicios, lo que obliga a lxs contribuyentes a asumir la carga financiera mientras reciben servicios mediocres.<\/p>\n<h2>Fortalecer el poder de lxs trabajadorxs para influir en la digitalizaci\u00f3n de los programas de formalizaci\u00f3n<\/h2>\n<p>El desaf\u00edo para el movimiento de trabajadorxs \u2014 m\u00e1s all\u00e1 de la brecha formal\/informal \u2014 es garantizar que los sistemas y los programas p\u00fablicos digitalizados sean justos, accesibles y efectivos. La eficiencia no deber\u00eda lograrse a expensas de la exclusi\u00f3n, la explotaci\u00f3n y la profundizaci\u00f3n de la desigualdad. Gran parte del desaf\u00edo es que las voces de lxs trabajadorxs no est\u00e1n presentes cuando se dise\u00f1an y se implementan estos sistemas. Los programas digitales, incluidos los beneficios y los servicios sociales accedidos mediante plataformas digitales, con frecuencia reflejan las prioridades de aquellas personas que las dise\u00f1an y las financian.<\/p>\n<p>Fortalecer el poder de lxs trabajadorxs para influir en los sistemas que se est\u00e1n digitalizando puede contribuir al desarrollo de sistemas m\u00e1s justos. Esto promueve la solidaridad y la acci\u00f3n colectiva y brinda un contrapeso a los intereses de los Gobiernos y las corporaciones. Una coalici\u00f3n s\u00f3lida de organizaciones de trabajadorxs puede impulsar pol\u00edticas que tengan en cuenta diversas condiciones laborales, niveles de ingresos y situaci\u00f3n de empleo, haciendo que los sistemas sean m\u00e1s equitativos.<\/p>\n<p>La clave para construir este poder son las coaliciones entre distintos movimientos y distintas disciplinas \u2014 enfrentar los riesgos de la digitalizaci\u00f3n requiere un enfoque colaborativo y multidisciplinar. El movimiento de los derechos digitales, por ejemplo, ofrece conocimiento t\u00e9cnico que es crucial para comprender tem\u00e1ticas como el sesgo algor\u00edtmico. Como muestra el ejemplo de Mozambique, lxs expertxs de las pol\u00edticas p\u00fablicas pueden jugar un papel cr\u00edtico a la hora de descubrir las fuerzas pol\u00edticas y econ\u00f3micas subyacentes que configuran las reformas digitales. Al exponer las implicancias de la privatizaci\u00f3n y la financiarizaci\u00f3n, ayudan a garantizar que la prestaci\u00f3n p\u00fablica digital le sirva al bien p\u00fablico general. Lxs abogadxs especializadxs en tem\u00e1ticas de derechos digitales pueden ayudar a lxs trabajadorxs a garantizar que los derechos cr\u00edticos a la privacidad y el acceso se respeten.<\/p>\n<p>Finalmente, el desaf\u00edo para lxs trabajadorxs y sus aliadxs es moverse m\u00e1s all\u00e1 de la cr\u00edtica y desarrollar y defender alternativas realistas a los sistemas existentes.<\/p>\n<h6>Foto superior: Narmada Ben, trabajadora en empleo informal, realiza importantes encuestas en el asentamiento de su barrio luego de perfeccionar sus habilidades gracias a la formaci\u00f3n organizada por la Asociaci\u00f3n de Mujeres Autoempleadas (SEWA) y el Fideicomiso de Vivienda (SEWA) Mahila. Cr\u00e9dito: Paula Bronstein\/Getty Images\/Images of Empowerment<\/h6>\n","protected":false},"excerpt":{"rendered":"<p>Si bien la digitalizaci\u00f3n puede traer beneficios como la eficiencia, la conveniencia y un acceso potencialmente m\u00e1s amplio, tambi\u00e9n presenta desaf\u00edos y riesgos significativos para lxs trabajadorxs en empleo informal. Estos riesgos deben ser abordados para garantizar que la digitalizaci\u00f3n \u2014 y la agenda de la formalizaci\u00f3n, cada vez m\u00e1s atada a lo digital \u2014 [&hellip;]<\/p>\n","protected":false},"author":10,"featured_media":44094,"comment_status":"closed","ping_status":"open","sticky":false,"template":"","format":"standard","meta":{"_acf_changed":false,"_relevanssi_hide_post":"","_relevanssi_hide_content":"","_relevanssi_pin_for_all":"","_relevanssi_pin_keywords":"","_relevanssi_unpin_keywords":"","_relevanssi_related_keywords":"","_relevanssi_related_include_ids":"0","_relevanssi_related_exclude_ids":"","_relevanssi_related_no_append":"","_relevanssi_related_not_related":"","_relevanssi_related_posts":"26812,39834,26789,26831,26626,26842,26635,26784,26780,26830","_relevanssi_noindex_reason":"","footnotes":""},"class_list":["post-44102","post","type-post","status-publish","format-standard","has-post-thumbnail","hentry","programmes-programa-proteccion-social","economy-theme-formalizacion","economy-theme-servicios-publicos-lugar-trabajo","region-africa","region-ghana","region-mozambique"],"acf":[],"yoast_head":"<!-- This site is optimized with the Yoast SEO Premium plugin v23.8 (Yoast SEO v27.4) - https:\/\/yoast.com\/product\/yoast-seo-premium-wordpress\/ -->\n<title>Qu\u00e9 significa la digitalizaci\u00f3n de los esfuerzos de formalizaci\u00f3n para lxs trabajadorxs en empleo informal - WIEGO<\/title>\n<meta name=\"robots\" content=\"index, follow, max-snippet:-1, max-image-preview:large, max-video-preview:-1\" \/>\n<link rel=\"canonical\" href=\"https:\/\/www.wiego.org\/es\/blog\/que-significa-la-digitalizacion-de-los-esfuerzos-de-formalizacion-para-lxs-trabajadorxs-en-empleo-informal\/\" \/>\n<meta property=\"og:locale\" content=\"es_ES\" \/>\n<meta property=\"og:type\" content=\"article\" \/>\n<meta property=\"og:title\" content=\"Qu\u00e9 significa la digitalizaci\u00f3n de los esfuerzos de formalizaci\u00f3n para lxs trabajadorxs en empleo informal\" \/>\n<meta property=\"og:description\" content=\"Si bien la digitalizaci\u00f3n puede traer beneficios como la eficiencia, la conveniencia y un acceso potencialmente m\u00e1s amplio, tambi\u00e9n presenta desaf\u00edos y riesgos significativos para lxs trabajadorxs en empleo informal. Estos riesgos deben ser abordados para garantizar que la digitalizaci\u00f3n \u2014 y la agenda de la formalizaci\u00f3n, cada vez m\u00e1s atada a lo digital \u2014 [&hellip;]\" \/>\n<meta property=\"og:url\" content=\"https:\/\/www.wiego.org\/es\/blog\/que-significa-la-digitalizacion-de-los-esfuerzos-de-formalizacion-para-lxs-trabajadorxs-en-empleo-informal\/\" \/>\n<meta property=\"og:site_name\" content=\"WIEGO\" \/>\n<meta property=\"article:publisher\" content=\"https:\/\/www.facebook.com\/wiegoglobal\/\" \/>\n<meta property=\"article:published_time\" content=\"2024-12-04T15:38:48+00:00\" \/>\n<meta property=\"article:modified_time\" content=\"2025-01-17T15:26:34+00:00\" \/>\n<meta property=\"og:image\" content=\"https:\/\/www.wiego.org\/wp-content\/uploads\/2024\/12\/hana-fgae-ict-center-ethiopia-computer-training.jpg\" \/>\n\t<meta property=\"og:image:width\" content=\"2500\" \/>\n\t<meta property=\"og:image:height\" content=\"1667\" \/>\n\t<meta property=\"og:image:type\" content=\"image\/jpeg\" \/>\n<meta name=\"author\" content=\"juan\" \/>\n<meta name=\"twitter:card\" content=\"summary_large_image\" \/>\n<meta name=\"twitter:creator\" content=\"@wiegoglobal\" \/>\n<meta name=\"twitter:site\" content=\"@wiegoglobal\" \/>\n<meta name=\"twitter:label1\" content=\"Written by\" \/>\n\t<meta name=\"twitter:data1\" content=\"juan\" \/>\n\t<meta name=\"twitter:label2\" content=\"Est. reading time\" \/>\n\t<meta name=\"twitter:data2\" content=\"5 minutes\" \/>\n<script type=\"application\/ld+json\" class=\"yoast-schema-graph\">{\"@context\":\"https:\\\/\\\/schema.org\",\"@graph\":[{\"@type\":\"Article\",\"@id\":\"https:\\\/\\\/www.wiego.org\\\/es\\\/blog\\\/que-significa-la-digitalizacion-de-los-esfuerzos-de-formalizacion-para-lxs-trabajadorxs-en-empleo-informal\\\/#article\",\"isPartOf\":{\"@id\":\"https:\\\/\\\/www.wiego.org\\\/es\\\/blog\\\/que-significa-la-digitalizacion-de-los-esfuerzos-de-formalizacion-para-lxs-trabajadorxs-en-empleo-informal\\\/\"},\"author\":{\"name\":\"juan\",\"@id\":\"https:\\\/\\\/www.wiego.org\\\/es\\\/#\\\/schema\\\/person\\\/cf9d18e80ddba12163728995f2590506\"},\"headline\":\"Qu\u00e9 significa la digitalizaci\u00f3n de los esfuerzos de formalizaci\u00f3n para lxs trabajadorxs en empleo informal\",\"datePublished\":\"2024-12-04T15:38:48+00:00\",\"dateModified\":\"2025-01-17T15:26:34+00:00\",\"mainEntityOfPage\":{\"@id\":\"https:\\\/\\\/www.wiego.org\\\/es\\\/blog\\\/que-significa-la-digitalizacion-de-los-esfuerzos-de-formalizacion-para-lxs-trabajadorxs-en-empleo-informal\\\/\"},\"wordCount\":1131,\"publisher\":{\"@id\":\"https:\\\/\\\/www.wiego.org\\\/es\\\/#organization\"},\"image\":{\"@id\":\"https:\\\/\\\/www.wiego.org\\\/es\\\/blog\\\/que-significa-la-digitalizacion-de-los-esfuerzos-de-formalizacion-para-lxs-trabajadorxs-en-empleo-informal\\\/#primaryimage\"},\"thumbnailUrl\":\"https:\\\/\\\/www.wiego.org\\\/wp-content\\\/uploads\\\/2024\\\/12\\\/hana-fgae-ict-center-ethiopia-computer-training.jpg\",\"inLanguage\":\"es-ES\"},{\"@type\":\"WebPage\",\"@id\":\"https:\\\/\\\/www.wiego.org\\\/es\\\/blog\\\/que-significa-la-digitalizacion-de-los-esfuerzos-de-formalizacion-para-lxs-trabajadorxs-en-empleo-informal\\\/\",\"url\":\"https:\\\/\\\/www.wiego.org\\\/es\\\/blog\\\/que-significa-la-digitalizacion-de-los-esfuerzos-de-formalizacion-para-lxs-trabajadorxs-en-empleo-informal\\\/\",\"name\":\"Qu\u00e9 significa la digitalizaci\u00f3n de los esfuerzos de formalizaci\u00f3n para lxs trabajadorxs en empleo informal - WIEGO\",\"isPartOf\":{\"@id\":\"https:\\\/\\\/www.wiego.org\\\/es\\\/#website\"},\"primaryImageOfPage\":{\"@id\":\"https:\\\/\\\/www.wiego.org\\\/es\\\/blog\\\/que-significa-la-digitalizacion-de-los-esfuerzos-de-formalizacion-para-lxs-trabajadorxs-en-empleo-informal\\\/#primaryimage\"},\"image\":{\"@id\":\"https:\\\/\\\/www.wiego.org\\\/es\\\/blog\\\/que-significa-la-digitalizacion-de-los-esfuerzos-de-formalizacion-para-lxs-trabajadorxs-en-empleo-informal\\\/#primaryimage\"},\"thumbnailUrl\":\"https:\\\/\\\/www.wiego.org\\\/wp-content\\\/uploads\\\/2024\\\/12\\\/hana-fgae-ict-center-ethiopia-computer-training.jpg\",\"datePublished\":\"2024-12-04T15:38:48+00:00\",\"dateModified\":\"2025-01-17T15:26:34+00:00\",\"breadcrumb\":{\"@id\":\"https:\\\/\\\/www.wiego.org\\\/es\\\/blog\\\/que-significa-la-digitalizacion-de-los-esfuerzos-de-formalizacion-para-lxs-trabajadorxs-en-empleo-informal\\\/#breadcrumb\"},\"inLanguage\":\"es-ES\",\"potentialAction\":[{\"@type\":\"ReadAction\",\"target\":[\"https:\\\/\\\/www.wiego.org\\\/es\\\/blog\\\/que-significa-la-digitalizacion-de-los-esfuerzos-de-formalizacion-para-lxs-trabajadorxs-en-empleo-informal\\\/\"]}]},{\"@type\":\"ImageObject\",\"inLanguage\":\"es-ES\",\"@id\":\"https:\\\/\\\/www.wiego.org\\\/es\\\/blog\\\/que-significa-la-digitalizacion-de-los-esfuerzos-de-formalizacion-para-lxs-trabajadorxs-en-empleo-informal\\\/#primaryimage\",\"url\":\"https:\\\/\\\/www.wiego.org\\\/wp-content\\\/uploads\\\/2024\\\/12\\\/hana-fgae-ict-center-ethiopia-computer-training.jpg\",\"contentUrl\":\"https:\\\/\\\/www.wiego.org\\\/wp-content\\\/uploads\\\/2024\\\/12\\\/hana-fgae-ict-center-ethiopia-computer-training.jpg\",\"width\":2500,\"height\":1667,\"caption\":\"Hana, de 22 a\u00f1os, es voluntaria en el Centro de Tecnolog\u00eda de la Informaci\u00f3n y la Comunicaci\u00f3n de la Asociaci\u00f3n de Orientaci\u00f3n Familiar de Etiop\u00eda (FGAE), donde ayuda a j\u00f3venes a desarrollar habilidades de inform\u00e1tica. Cr\u00e9dito: Maheder Haileselassie Tadese, Getty Images\\\/Images of Empowerment\"},{\"@type\":\"WebSite\",\"@id\":\"https:\\\/\\\/www.wiego.org\\\/es\\\/#website\",\"url\":\"https:\\\/\\\/www.wiego.org\\\/es\\\/\",\"name\":\"WIEGO\",\"description\":\"\",\"publisher\":{\"@id\":\"https:\\\/\\\/www.wiego.org\\\/es\\\/#organization\"},\"potentialAction\":[{\"@type\":\"SearchAction\",\"target\":{\"@type\":\"EntryPoint\",\"urlTemplate\":\"https:\\\/\\\/www.wiego.org\\\/es\\\/?s={search_term_string}\"},\"query-input\":{\"@type\":\"PropertyValueSpecification\",\"valueRequired\":true,\"valueName\":\"search_term_string\"}}],\"inLanguage\":\"es-ES\"},{\"@type\":\"Organization\",\"@id\":\"https:\\\/\\\/www.wiego.org\\\/es\\\/#organization\",\"name\":\"WIEGO\",\"url\":\"https:\\\/\\\/www.wiego.org\\\/es\\\/\",\"logo\":{\"@type\":\"ImageObject\",\"inLanguage\":\"es-ES\",\"@id\":\"https:\\\/\\\/www.wiego.org\\\/es\\\/#\\\/schema\\\/logo\\\/image\\\/\",\"url\":\"https:\\\/\\\/www.wiego.org\\\/wp-content\\\/uploads\\\/2024\\\/12\\\/logo.svg\",\"contentUrl\":\"https:\\\/\\\/www.wiego.org\\\/wp-content\\\/uploads\\\/2024\\\/12\\\/logo.svg\",\"width\":142,\"height\":90,\"caption\":\"WIEGO\"},\"image\":{\"@id\":\"https:\\\/\\\/www.wiego.org\\\/es\\\/#\\\/schema\\\/logo\\\/image\\\/\"},\"sameAs\":[\"https:\\\/\\\/www.facebook.com\\\/wiegoglobal\\\/\",\"https:\\\/\\\/x.com\\\/wiegoglobal\",\"https:\\\/\\\/www.linkedin.com\\\/company\\\/wiego\\\/\",\"https:\\\/\\\/www.youtube.com\\\/user\\\/wiegoglobal\"],\"description\":\"WIEGO is a global network that supports the movement of workers in informal employment.\"},{\"@type\":\"BreadcrumbList\",\"itemListElement\":[{\"@type\":\"ListItem\",\"position\":1,\"item\":{\"@id\":\"https:\\\/\\\/www.wiego.org\\\/es\\\/\",\"name\":\"WIEGO\"}},{\"@type\":\"ListItem\",\"position\":2,\"item\":{\"@id\":\"https:\\\/\\\/www.wiego.org\\\/es\\\/blog\\\/\",\"name\":\"Blog WIEGO\"}}],\"@id\":\"\\\/#breadcrumb\"}]}<\/script>\n<!-- \/ Yoast SEO Premium plugin. -->","yoast_head_json":{"title":"Qu\u00e9 significa la digitalizaci\u00f3n de los esfuerzos de formalizaci\u00f3n para lxs trabajadorxs en empleo informal - WIEGO","robots":{"index":"index","follow":"follow","max-snippet":"max-snippet:-1","max-image-preview":"max-image-preview:large","max-video-preview":"max-video-preview:-1"},"canonical":"https:\/\/www.wiego.org\/es\/blog\/que-significa-la-digitalizacion-de-los-esfuerzos-de-formalizacion-para-lxs-trabajadorxs-en-empleo-informal\/","og_locale":"es_ES","og_type":"article","og_title":"Qu\u00e9 significa la digitalizaci\u00f3n de los esfuerzos de formalizaci\u00f3n para lxs trabajadorxs en empleo informal","og_description":"Si bien la digitalizaci\u00f3n puede traer beneficios como la eficiencia, la conveniencia y un acceso potencialmente m\u00e1s amplio, tambi\u00e9n presenta desaf\u00edos y riesgos significativos para lxs trabajadorxs en empleo informal. Estos riesgos deben ser abordados para garantizar que la digitalizaci\u00f3n \u2014 y la agenda de la formalizaci\u00f3n, cada vez m\u00e1s atada a lo digital \u2014 [&hellip;]","og_url":"https:\/\/www.wiego.org\/es\/blog\/que-significa-la-digitalizacion-de-los-esfuerzos-de-formalizacion-para-lxs-trabajadorxs-en-empleo-informal\/","og_site_name":"WIEGO","article_publisher":"https:\/\/www.facebook.com\/wiegoglobal\/","article_published_time":"2024-12-04T15:38:48+00:00","article_modified_time":"2025-01-17T15:26:34+00:00","og_image":[{"width":2500,"height":1667,"url":"https:\/\/www.wiego.org\/wp-content\/uploads\/2024\/12\/hana-fgae-ict-center-ethiopia-computer-training.jpg","type":"image\/jpeg"}],"author":"juan","twitter_card":"summary_large_image","twitter_creator":"@wiegoglobal","twitter_site":"@wiegoglobal","twitter_misc":{"Written by":"juan","Est. reading time":"5 minutes"},"schema":{"@context":"https:\/\/schema.org","@graph":[{"@type":"Article","@id":"https:\/\/www.wiego.org\/es\/blog\/que-significa-la-digitalizacion-de-los-esfuerzos-de-formalizacion-para-lxs-trabajadorxs-en-empleo-informal\/#article","isPartOf":{"@id":"https:\/\/www.wiego.org\/es\/blog\/que-significa-la-digitalizacion-de-los-esfuerzos-de-formalizacion-para-lxs-trabajadorxs-en-empleo-informal\/"},"author":{"name":"juan","@id":"https:\/\/www.wiego.org\/es\/#\/schema\/person\/cf9d18e80ddba12163728995f2590506"},"headline":"Qu\u00e9 significa la digitalizaci\u00f3n de los esfuerzos de formalizaci\u00f3n para lxs trabajadorxs en empleo informal","datePublished":"2024-12-04T15:38:48+00:00","dateModified":"2025-01-17T15:26:34+00:00","mainEntityOfPage":{"@id":"https:\/\/www.wiego.org\/es\/blog\/que-significa-la-digitalizacion-de-los-esfuerzos-de-formalizacion-para-lxs-trabajadorxs-en-empleo-informal\/"},"wordCount":1131,"publisher":{"@id":"https:\/\/www.wiego.org\/es\/#organization"},"image":{"@id":"https:\/\/www.wiego.org\/es\/blog\/que-significa-la-digitalizacion-de-los-esfuerzos-de-formalizacion-para-lxs-trabajadorxs-en-empleo-informal\/#primaryimage"},"thumbnailUrl":"https:\/\/www.wiego.org\/wp-content\/uploads\/2024\/12\/hana-fgae-ict-center-ethiopia-computer-training.jpg","inLanguage":"es-ES"},{"@type":"WebPage","@id":"https:\/\/www.wiego.org\/es\/blog\/que-significa-la-digitalizacion-de-los-esfuerzos-de-formalizacion-para-lxs-trabajadorxs-en-empleo-informal\/","url":"https:\/\/www.wiego.org\/es\/blog\/que-significa-la-digitalizacion-de-los-esfuerzos-de-formalizacion-para-lxs-trabajadorxs-en-empleo-informal\/","name":"Qu\u00e9 significa la digitalizaci\u00f3n de los esfuerzos de formalizaci\u00f3n para lxs trabajadorxs en empleo informal - WIEGO","isPartOf":{"@id":"https:\/\/www.wiego.org\/es\/#website"},"primaryImageOfPage":{"@id":"https:\/\/www.wiego.org\/es\/blog\/que-significa-la-digitalizacion-de-los-esfuerzos-de-formalizacion-para-lxs-trabajadorxs-en-empleo-informal\/#primaryimage"},"image":{"@id":"https:\/\/www.wiego.org\/es\/blog\/que-significa-la-digitalizacion-de-los-esfuerzos-de-formalizacion-para-lxs-trabajadorxs-en-empleo-informal\/#primaryimage"},"thumbnailUrl":"https:\/\/www.wiego.org\/wp-content\/uploads\/2024\/12\/hana-fgae-ict-center-ethiopia-computer-training.jpg","datePublished":"2024-12-04T15:38:48+00:00","dateModified":"2025-01-17T15:26:34+00:00","breadcrumb":{"@id":"https:\/\/www.wiego.org\/es\/blog\/que-significa-la-digitalizacion-de-los-esfuerzos-de-formalizacion-para-lxs-trabajadorxs-en-empleo-informal\/#breadcrumb"},"inLanguage":"es-ES","potentialAction":[{"@type":"ReadAction","target":["https:\/\/www.wiego.org\/es\/blog\/que-significa-la-digitalizacion-de-los-esfuerzos-de-formalizacion-para-lxs-trabajadorxs-en-empleo-informal\/"]}]},{"@type":"ImageObject","inLanguage":"es-ES","@id":"https:\/\/www.wiego.org\/es\/blog\/que-significa-la-digitalizacion-de-los-esfuerzos-de-formalizacion-para-lxs-trabajadorxs-en-empleo-informal\/#primaryimage","url":"https:\/\/www.wiego.org\/wp-content\/uploads\/2024\/12\/hana-fgae-ict-center-ethiopia-computer-training.jpg","contentUrl":"https:\/\/www.wiego.org\/wp-content\/uploads\/2024\/12\/hana-fgae-ict-center-ethiopia-computer-training.jpg","width":2500,"height":1667,"caption":"Hana, de 22 a\u00f1os, es voluntaria en el Centro de Tecnolog\u00eda de la Informaci\u00f3n y la Comunicaci\u00f3n de la Asociaci\u00f3n de Orientaci\u00f3n Familiar de Etiop\u00eda (FGAE), donde ayuda a j\u00f3venes a desarrollar habilidades de inform\u00e1tica. Cr\u00e9dito: Maheder Haileselassie Tadese, Getty Images\/Images of Empowerment"},{"@type":"WebSite","@id":"https:\/\/www.wiego.org\/es\/#website","url":"https:\/\/www.wiego.org\/es\/","name":"WIEGO","description":"","publisher":{"@id":"https:\/\/www.wiego.org\/es\/#organization"},"potentialAction":[{"@type":"SearchAction","target":{"@type":"EntryPoint","urlTemplate":"https:\/\/www.wiego.org\/es\/?s={search_term_string}"},"query-input":{"@type":"PropertyValueSpecification","valueRequired":true,"valueName":"search_term_string"}}],"inLanguage":"es-ES"},{"@type":"Organization","@id":"https:\/\/www.wiego.org\/es\/#organization","name":"WIEGO","url":"https:\/\/www.wiego.org\/es\/","logo":{"@type":"ImageObject","inLanguage":"es-ES","@id":"https:\/\/www.wiego.org\/es\/#\/schema\/logo\/image\/","url":"https:\/\/www.wiego.org\/wp-content\/uploads\/2024\/12\/logo.svg","contentUrl":"https:\/\/www.wiego.org\/wp-content\/uploads\/2024\/12\/logo.svg","width":142,"height":90,"caption":"WIEGO"},"image":{"@id":"https:\/\/www.wiego.org\/es\/#\/schema\/logo\/image\/"},"sameAs":["https:\/\/www.facebook.com\/wiegoglobal\/","https:\/\/x.com\/wiegoglobal","https:\/\/www.linkedin.com\/company\/wiego\/","https:\/\/www.youtube.com\/user\/wiegoglobal"],"description":"WIEGO is a global network that supports the movement of workers in informal employment."},{"@type":"BreadcrumbList","itemListElement":[{"@type":"ListItem","position":1,"item":{"@id":"https:\/\/www.wiego.org\/es\/","name":"WIEGO"}},{"@type":"ListItem","position":2,"item":{"@id":"https:\/\/www.wiego.org\/es\/blog\/","name":"Blog WIEGO"}}],"@id":"\/#breadcrumb"}]}},"_links":{"self":[{"href":"https:\/\/www.wiego.org\/es\/wp-json\/wp\/v2\/posts\/44102","targetHints":{"allow":["GET"]}}],"collection":[{"href":"https:\/\/www.wiego.org\/es\/wp-json\/wp\/v2\/posts"}],"about":[{"href":"https:\/\/www.wiego.org\/es\/wp-json\/wp\/v2\/types\/post"}],"author":[{"embeddable":true,"href":"https:\/\/www.wiego.org\/es\/wp-json\/wp\/v2\/users\/10"}],"replies":[{"embeddable":true,"href":"https:\/\/www.wiego.org\/es\/wp-json\/wp\/v2\/comments?post=44102"}],"version-history":[{"count":4,"href":"https:\/\/www.wiego.org\/es\/wp-json\/wp\/v2\/posts\/44102\/revisions"}],"predecessor-version":[{"id":44627,"href":"https:\/\/www.wiego.org\/es\/wp-json\/wp\/v2\/posts\/44102\/revisions\/44627"}],"wp:featuredmedia":[{"embeddable":true,"href":"https:\/\/www.wiego.org\/es\/wp-json\/wp\/v2\/media\/44094"}],"wp:attachment":[{"href":"https:\/\/www.wiego.org\/es\/wp-json\/wp\/v2\/media?parent=44102"}],"curies":[{"name":"wp","href":"https:\/\/api.w.org\/{rel}","templated":true}]}}