{"id":26831,"date":"2023-04-14T12:00:00","date_gmt":"2023-04-14T16:00:00","guid":{"rendered":"https:\/\/wiego.local\/superheroinas-y-superheroes-en-la-ciudad-de-mexico\/"},"modified":"2025-03-07T16:57:01","modified_gmt":"2025-03-07T21:57:01","slug":"superheroinas-y-superheroes-en-la-ciudad-de-mexico","status":"publish","type":"post","link":"https:\/\/www.wiego.org\/es\/blog\/superheroinas-y-superheroes-en-la-ciudad-de-mexico\/","title":{"rendered":"Superhero\u00ednas y superh\u00e9roes en la Ciudad de M\u00e9xico"},"content":{"rendered":"<p class=\"emphasized-intro-text\"><strong>Tania Espinosa S\u00e1nchez y Yuleina Carmona de WIEGO nos cuentan del \u00e9xito de la campa\u00f1a <i>Lxs Rifadxs de la Basura<\/i>, que ayud\u00f3 a lxs habitantes de la Ciudad de M\u00e9xico a ver a lxs recicladorxs bajo una nueva luz, m\u00e1s positiva.<\/strong><\/p>\n<hr \/>\n<p>Durante mucho tiempo hemos estado trabajando con lxs recicladorxs ac\u00e1 en la Ciudad de M\u00e9xico y hemos hecho muchas cosas para dar visibilidad a sus condiciones de trabajo. Por ejemplo, llevamos a cabo <a href=\"https:\/\/www.youtube.com\/watch?v=vZXyiFUCa2w\">una exposici\u00f3n fotogr\u00e1fica<\/a> en un museo y elaboramos <a data-entity-substitution=\"canonical\" data-entity-type=\"node\" data-entity-uuid=\"a027f23f-98fa-4ed9-ba7f-8138773cdf62\" href=\"\/publications\/proyecto-de-reconocimiento-de-la-situaci%C3%B3n-de-derechos-humanos-de-los-recicladores-en-l\">un informe<\/a> sobre las condiciones respecto a los derechos humanos de lxs recicladorxs en esta urbe, <a data-entity-substitution=\"canonical\" data-entity-type=\"node\" data-entity-uuid=\"d8c601ae-41f6-4265-9041-6a0a20c9c6b5\" href=\"\/content\/informe-sobre-derechos-humanos-de-trabajadores-voluntarios-de-limpia-en-la-cdmx\">el cual presentamos<\/a> a la Comisi\u00f3n de Derechos Humanos de la Ciudad de M\u00e9xico.<\/p>\n<p>Posteriormente, durante la pandemia, comenzamos la <a href=\"https:\/\/www.losrifadosdelabasura.com\">campa\u00f1a Lxs Rifadxs de la Basura<\/a>, con la que creamos ocho cortometrajes para que lxs recicladorxs mostraran sus condiciones laborales y los desaf\u00edos que enfrentan trabajando. Porque, mientras dur\u00f3 la pandemia, no dejaron de trabajar, sin interrupci\u00f3n. Cuando muchxs nos aisl\u00e1bamos en casa, ellxs estaban en las calles, limpiando la ciudad y recogiendo los residuos dom\u00e9sticos, pero no fueron categorizadxs como trabajadorxs esenciales.<\/p>\n<p><img decoding=\"async\" alt=\"Lxs Rifados campaign logo\" data-entity-type=\"file\" data-entity-uuid=\"e5ec36cb-4f4d-4bac-86e1-6e849e3a1d46\" height=\"256\" src=\"\/sites\/default\/files\/inline-images\/lxs-rifados-campaign-logo.png\" style=\"margin-top: 12px;\" width=\"256\" class=\"align-right\" loading=\"lazy\" \/>Nos pareci\u00f3 que se trataba de una buena oportunidad para mostrar que lxs recicladorxs s\u00ed son trabajadorxs esenciales y cu\u00e1les fueron sus condiciones de trabajo durante la pandemia. Sobre todo, porque el Gobierno de la Ciudad de M\u00e9xico no introdujo pol\u00edticas para protegerlxs y muchxs se estaban muriendo.<\/p>\n<p>La campa\u00f1a tuvo mucho \u00e9xito porque capt\u00f3 la atenci\u00f3n de los medios. El nombre de la campa\u00f1a en especial \u2013que no se traduce f\u00e1cilmente, pero que retrata a lxs recicladorxs como superhero\u00ednas y superh\u00e9roes urbanxs\u2013 tuvo una respuesta positiva del p\u00fablico en general.<\/p>\n<p>Enseguida la gente comenz\u00f3 a decirnos que no ten\u00eda idea de la problem\u00e1tica a la que se enfrentan lxs recicladorxs. Los cortometrajes relatan la situaci\u00f3n de una manera muy accesible para una audiencia m\u00e1s amplia.<\/p>\n<p>Al mismo tiempo, intent\u00e1bamos llamar la atenci\u00f3n del Gobierno de varias formas, pero no obtuvimos respuesta. Pensamos entonces en seguir una estrategia distinta, concientizando primero al p\u00fablico en general porque todxs nos beneficiamos del trabajo que realizan lxs recicladorxs. Decidimos hacerlo mediante <a href=\"https:\/\/youtu.be\/zDxByLtUkDk\">un documental<\/a>, que se convirti\u00f3 en la segunda fase de la campa\u00f1a Lxs Rifadxs de la Basura. Quer\u00edamos con ello intentar llegar al Gobierno mediante el p\u00fablico. Tambi\u00e9n creamos <a data-entity-substitution=\"canonical\" data-entity-type=\"node\" data-entity-uuid=\"4c163746-f1b9-4c3f-b231-dd7e6618af09\" href=\"\/es\/recursos\/lxs-rifadxs-de-la-basura-esenciales-para-la-cdmx\">un c\u00f3mic<\/a> y actualizamos <a href=\"https:\/\/www.losrifadosdelabasura.com\">el sitio web de la campa\u00f1a<\/a> a fin de ofrecer m\u00e1s herramientas visuales para que la gente comprendiera la situaci\u00f3n de lxs recicladorxs en la ciudad.<\/p>\n<p>Utilizamos las redes sociales para difundir el material y llegar a una audiencia m\u00e1s amplia. Nuestra presencia en <a href=\"https:\/\/www.instagram.com\/lxsrifadxsdelabasura\/\">Instagram<\/a>, <a href=\"https:\/\/www.tiktok.com\/@lxsrifadxsdelabasura\">TikTok<\/a> y <a href=\"https:\/\/www.facebook.com\/profile.php?id=100090755132306&#038;mibextid=LQQJ4d\">Facebook<\/a> nos llev\u00f3 a un terreno muy diferente. En especial Instagram, donde recibimos muchas reacciones de gente que no sab\u00eda que el Gobierno clasifica a la mayor\u00eda de lxs recicladorxs como \u201cvoluntarixs\u201d. Vemos a trabajadorxs uniformadxs en la calle y asumimos que reciben un sueldo.<\/p>\n<p>Aunque se lxs llame voluntarixs, sugiriendo que son lxs recicladorxs quienes deciden no recibir una paga, la realidad es otra. El Gobierno lxs considera trabajadorxs voluntarixs y lo usa como excusa para no brindarles un salario, un contrato o alg\u00fan tipo de derechos laborales. Simplemente no reconoce la relaci\u00f3n laboral que tiene con estxs trabajadorxs.<\/p>\n<p>Tambi\u00e9n contactamos a influencers de las redes sociales, gente que estaba interesada en el tema, no necesariamente expertxs sino gente que ha trabajado algo al respecto. En Instagram, por ejemplo, nos contact\u00f3 <a href=\"https:\/\/www.instagram.com\/citizen4sustainability\/\">@Citizen4Sustainability<\/a>, que tiene m\u00e1s de 35 mil seguidorxs. Varixs pidieron venir al estreno del documental y al lanzamiento del c\u00f3mic. Otrxs se pusieron en contacto para ofrecernos proyectar nuestro documental en su espacio, por ejemplo, una escuela en cuya semana del arte se mostr\u00f3 el documental.<\/p>\n<figure role=\"group\">\n<div data-embed-button=\"media_entity_embed\" data-entity-embed-display=\"view_mode:media.full\" data-entity-embed-display-settings=\"[]\" data-entity-type=\"media\" data-entity-uuid=\"6f57a443-2fe3-4423-afa4-2e7a5354a623\" data-langcode=\"en\" class=\"embedded-entity\">\n<div>\n<div data-quickedit-field-id=\"media\/6041\/field_media_image\/en\/full\" class=\"field field--name-field-media-image field--type-image field--label-visually_hidden\">\n<div class=\"field--label sr-only\">Image<\/div>\n<div class=\"field--item\">\n<p>      <img decoding=\"async\" loading=\"lazy\" src=\"\/sites\/default\/files\/2023-04\/lxs-rifados-campaign-documentary.jpg\" width=\"656\" height=\"460\" alt=\"Still image Lxs Rifadxs de la Basura documentary\" typeof=\"foaf:Image\" class=\"img-responsive\" \/><\/div>\n<\/p><\/div>\n<\/div>\n<\/div><figcaption>Imagen fija del documental Lxs Rifadxs de la Basura<\/figcaption><\/figure>\n<p>Hace poco, nos contact\u00f3 unx exrecicladxr que labora actualmente en la Casa de la Cultura Luis Spota, un centro cultural en la Ciudad de M\u00e9xico, alcald\u00eda de Xochimilco. Les interesa presentar el documental y el c\u00f3mic en su galer\u00eda, que visitan muchas escuelas. Ser\u00eda una excelente manera de introducir a lxs ni\u00f1xs al tema.<\/p>\n<p>Tambi\u00e9n pintamos el logo y las redes sociales de la campa\u00f1a en <a href=\"https:\/\/www.instagram.com\/reel\/CpbCbqzMhad\/?utm_source=ig_web_copy_link\">un cami\u00f3n que circula por la ciudad<\/a>. Como resultado, mucha gente nos contact\u00f3 para decirnos: \u201cAcabo de conocerlxs y me entero de que muchxs recicladorxs trabajan sin un salario\u201d. Nosotrxs pagamos para que se pintara ese cami\u00f3n, pero despu\u00e9s aparecieron otros dos por las calles de la ciudad con el mismo logo sin que supi\u00e9ramos nada al respecto. Fue genial porque simplemente lo hicieron y <a href=\"https:\/\/www.instagram.com\/p\/Cp3TH39Oh5Y\/?utm_source=ig_web_copy_link\">nos mandaron fotos<\/a>.<\/p>\n<p>La verdad es que ha habido una cantidad inesperada de comentarios y reacciones a favor de lxs trabajadorxs y de que se cree m\u00e1s conciencia sobre esta problem\u00e1tica. Ha sido fascinante porque los comentarios y las reacciones que recibimos no son precisamente tan positivos todo el tiempo.<\/p>\n<p>Para lxs propixs recicladorxs \u2013y esto es quiz\u00e1s uno de los resultados m\u00e1s importantes de la campa\u00f1a\u2013, verse en pantalla es algo realmente profundo y emotivo. Unx de ellxs dijo: \u201cEsto prueba que no he sido unx holgaz\u00e1nx toda mi vida, como dice mi familia, y muestra lo duro que he trabajado\u201d. A medida que la campa\u00f1a evolucionaba, ve\u00edamos c\u00f3mo crec\u00eda la confianza de lxs trabajadorxs.<\/p>\n<p>Otro momento clave de la campa\u00f1a ser\u00e1 la manifestaci\u00f3n que organizamos para este 19 de abril [de 2023] buscando dar a\u00fan mayor visibilidad a lxs trabajadorxs. Lxs recicladorxs se reunir\u00e1n sobre Madero, una calle peatonal en el centro de la ciudad. Llevar\u00e1n consigo los costales que utilizan para recoger y separar la basura, pero con mensajes tejidos. Luego marchar\u00e1n hasta la oficina de la jefa de Gobierno y dar\u00e1n una conferencia de prensa para remarcar algunos datos que estamos preparando y que apuntan a inconsistencias del gasto p\u00fablico con respecto a la recolecci\u00f3n de basura, por ejemplo, en lo relativo al equipamiento actualmente inadecuado de lxs recicladorxs.<\/p>\n<p>Mientras tanto, seguiremos proyectando el documental, respondiendo a lxs internautas en las redes sociales y hablando con los medios. Aprovechamos cualquier oportunidad para difundir el mensaje.<\/p>\n<hr \/>\n<h5>Foto superior: Unx recicladxr lee el c\u00f3mic elaborado para la campa\u00f1a Lxs Rifadxs de la Basura. Cr\u00e9dito: Angie Queupumil<\/h5>\n","protected":false},"excerpt":{"rendered":"<p>WIEGO\u2019s Tania Espinosa S\u00e1nchez and Yuleina Carmona talk about the success of the Lxs Rifadxs campaign in Mexico City, which helped residents to see waste pickers in a new and more positive light.<\/p>\n","protected":false},"author":2,"featured_media":20402,"comment_status":"closed","ping_status":"closed","sticky":false,"template":"","format":"standard","meta":{"_acf_changed":false,"_relevanssi_hide_post":"","_relevanssi_hide_content":"","_relevanssi_pin_for_all":"","_relevanssi_pin_keywords":"","_relevanssi_unpin_keywords":"","_relevanssi_related_keywords":"","_relevanssi_related_include_ids":"","_relevanssi_related_exclude_ids":"","_relevanssi_related_no_append":"","_relevanssi_related_not_related":"","_relevanssi_related_posts":"","_relevanssi_noindex_reason":"","footnotes":""},"class_list":["post-26831","post","type-post","status-publish","format-standard","has-post-thumbnail","hentry","economy-theme-covid-19-crisis-study","economy-theme-etude-crise-covid-19","economy-theme-medios-de-subsistencia","occupational-group-recicladorxs","region-mexico"],"acf":[],"yoast_head":"<!-- This site is optimized with the Yoast SEO Premium plugin v23.8 (Yoast SEO v27.4) - https:\/\/yoast.com\/product\/yoast-seo-premium-wordpress\/ -->\n<title>Superhero\u00ednas y superh\u00e9roes en la Ciudad de M\u00e9xico - WIEGO<\/title>\n<meta name=\"robots\" content=\"index, follow, max-snippet:-1, max-image-preview:large, max-video-preview:-1\" \/>\n<link rel=\"canonical\" href=\"https:\/\/www.wiego.org\/es\/blog\/superheroinas-y-superheroes-en-la-ciudad-de-mexico\/\" \/>\n<meta property=\"og:locale\" content=\"es_ES\" \/>\n<meta property=\"og:type\" content=\"article\" \/>\n<meta property=\"og:title\" content=\"Superhero\u00ednas y superh\u00e9roes en la Ciudad de M\u00e9xico\" \/>\n<meta property=\"og:description\" content=\"WIEGO\u2019s Tania Espinosa S\u00e1nchez and Yuleina Carmona talk about the success of the Lxs Rifadxs campaign in Mexico City, which helped residents to see waste pickers in a new and more positive light.\" \/>\n<meta property=\"og:url\" content=\"https:\/\/www.wiego.org\/es\/blog\/superheroinas-y-superheroes-en-la-ciudad-de-mexico\/\" \/>\n<meta property=\"og:site_name\" content=\"WIEGO\" \/>\n<meta property=\"article:publisher\" content=\"https:\/\/www.facebook.com\/wiegoglobal\/\" \/>\n<meta property=\"article:published_time\" content=\"2023-04-14T16:00:00+00:00\" \/>\n<meta property=\"article:modified_time\" content=\"2025-03-07T21:57:01+00:00\" \/>\n<meta property=\"og:image\" content=\"https:\/\/www.wiego.org\/wp-content\/uploads\/2023\/04\/waste-picker-reads-comic-book-los-rifados-campaign-hero.jpg\" \/>\n\t<meta property=\"og:image:width\" content=\"1140\" \/>\n\t<meta property=\"og:image:height\" content=\"430\" \/>\n\t<meta property=\"og:image:type\" content=\"image\/jpeg\" \/>\n<meta name=\"author\" content=\"The WIEGO Team\" \/>\n<meta name=\"twitter:card\" content=\"summary_large_image\" \/>\n<meta name=\"twitter:creator\" content=\"@wiegoglobal\" \/>\n<meta name=\"twitter:site\" content=\"@wiegoglobal\" \/>\n<meta name=\"twitter:label1\" content=\"Written by\" \/>\n\t<meta name=\"twitter:data1\" content=\"The WIEGO Team\" \/>\n\t<meta name=\"twitter:label2\" content=\"Est. reading time\" \/>\n\t<meta name=\"twitter:data2\" content=\"5 minutes\" \/>\n<script type=\"application\/ld+json\" class=\"yoast-schema-graph\">{\"@context\":\"https:\\\/\\\/schema.org\",\"@graph\":[{\"@type\":\"Article\",\"@id\":\"https:\\\/\\\/www.wiego.org\\\/es\\\/blog\\\/superheroinas-y-superheroes-en-la-ciudad-de-mexico\\\/#article\",\"isPartOf\":{\"@id\":\"https:\\\/\\\/www.wiego.org\\\/es\\\/blog\\\/superheroinas-y-superheroes-en-la-ciudad-de-mexico\\\/\"},\"author\":{\"name\":\"The WIEGO Team\",\"@id\":\"https:\\\/\\\/www.wiego.org\\\/es\\\/#\\\/schema\\\/person\\\/a59b513607ebe888542e7f3325fc7769\"},\"headline\":\"Superhero\u00ednas y superh\u00e9roes en la Ciudad de M\u00e9xico\",\"datePublished\":\"2023-04-14T16:00:00+00:00\",\"dateModified\":\"2025-03-07T21:57:01+00:00\",\"mainEntityOfPage\":{\"@id\":\"https:\\\/\\\/www.wiego.org\\\/es\\\/blog\\\/superheroinas-y-superheroes-en-la-ciudad-de-mexico\\\/\"},\"wordCount\":1106,\"publisher\":{\"@id\":\"https:\\\/\\\/www.wiego.org\\\/es\\\/#organization\"},\"image\":{\"@id\":\"https:\\\/\\\/www.wiego.org\\\/es\\\/blog\\\/superheroinas-y-superheroes-en-la-ciudad-de-mexico\\\/#primaryimage\"},\"thumbnailUrl\":\"https:\\\/\\\/www.wiego.org\\\/wp-content\\\/uploads\\\/2023\\\/04\\\/waste-picker-reads-comic-book-los-rifados-campaign-hero.jpg\",\"articleSection\":[\"Sin categorizar\"],\"inLanguage\":\"es-ES\"},{\"@type\":\"WebPage\",\"@id\":\"https:\\\/\\\/www.wiego.org\\\/es\\\/blog\\\/superheroinas-y-superheroes-en-la-ciudad-de-mexico\\\/\",\"url\":\"https:\\\/\\\/www.wiego.org\\\/es\\\/blog\\\/superheroinas-y-superheroes-en-la-ciudad-de-mexico\\\/\",\"name\":\"Superhero\u00ednas y superh\u00e9roes en la Ciudad de M\u00e9xico - WIEGO\",\"isPartOf\":{\"@id\":\"https:\\\/\\\/www.wiego.org\\\/es\\\/#website\"},\"primaryImageOfPage\":{\"@id\":\"https:\\\/\\\/www.wiego.org\\\/es\\\/blog\\\/superheroinas-y-superheroes-en-la-ciudad-de-mexico\\\/#primaryimage\"},\"image\":{\"@id\":\"https:\\\/\\\/www.wiego.org\\\/es\\\/blog\\\/superheroinas-y-superheroes-en-la-ciudad-de-mexico\\\/#primaryimage\"},\"thumbnailUrl\":\"https:\\\/\\\/www.wiego.org\\\/wp-content\\\/uploads\\\/2023\\\/04\\\/waste-picker-reads-comic-book-los-rifados-campaign-hero.jpg\",\"datePublished\":\"2023-04-14T16:00:00+00:00\",\"dateModified\":\"2025-03-07T21:57:01+00:00\",\"breadcrumb\":{\"@id\":\"https:\\\/\\\/www.wiego.org\\\/es\\\/blog\\\/superheroinas-y-superheroes-en-la-ciudad-de-mexico\\\/#breadcrumb\"},\"inLanguage\":\"es-ES\",\"potentialAction\":[{\"@type\":\"ReadAction\",\"target\":[\"https:\\\/\\\/www.wiego.org\\\/es\\\/blog\\\/superheroinas-y-superheroes-en-la-ciudad-de-mexico\\\/\"]}]},{\"@type\":\"ImageObject\",\"inLanguage\":\"es-ES\",\"@id\":\"https:\\\/\\\/www.wiego.org\\\/es\\\/blog\\\/superheroinas-y-superheroes-en-la-ciudad-de-mexico\\\/#primaryimage\",\"url\":\"https:\\\/\\\/www.wiego.org\\\/wp-content\\\/uploads\\\/2023\\\/04\\\/waste-picker-reads-comic-book-los-rifados-campaign-hero.jpg\",\"contentUrl\":\"https:\\\/\\\/www.wiego.org\\\/wp-content\\\/uploads\\\/2023\\\/04\\\/waste-picker-reads-comic-book-los-rifados-campaign-hero.jpg\",\"width\":1140,\"height\":430,\"caption\":\"Waste picker reads the comic book created for the Los Rifados campaign\"},{\"@type\":\"WebSite\",\"@id\":\"https:\\\/\\\/www.wiego.org\\\/es\\\/#website\",\"url\":\"https:\\\/\\\/www.wiego.org\\\/es\\\/\",\"name\":\"WIEGO\",\"description\":\"\",\"publisher\":{\"@id\":\"https:\\\/\\\/www.wiego.org\\\/es\\\/#organization\"},\"potentialAction\":[{\"@type\":\"SearchAction\",\"target\":{\"@type\":\"EntryPoint\",\"urlTemplate\":\"https:\\\/\\\/www.wiego.org\\\/es\\\/?s={search_term_string}\"},\"query-input\":{\"@type\":\"PropertyValueSpecification\",\"valueRequired\":true,\"valueName\":\"search_term_string\"}}],\"inLanguage\":\"es-ES\"},{\"@type\":\"Organization\",\"@id\":\"https:\\\/\\\/www.wiego.org\\\/es\\\/#organization\",\"name\":\"WIEGO\",\"url\":\"https:\\\/\\\/www.wiego.org\\\/es\\\/\",\"logo\":{\"@type\":\"ImageObject\",\"inLanguage\":\"es-ES\",\"@id\":\"https:\\\/\\\/www.wiego.org\\\/es\\\/#\\\/schema\\\/logo\\\/image\\\/\",\"url\":\"https:\\\/\\\/www.wiego.org\\\/wp-content\\\/uploads\\\/2024\\\/12\\\/logo.svg\",\"contentUrl\":\"https:\\\/\\\/www.wiego.org\\\/wp-content\\\/uploads\\\/2024\\\/12\\\/logo.svg\",\"width\":142,\"height\":90,\"caption\":\"WIEGO\"},\"image\":{\"@id\":\"https:\\\/\\\/www.wiego.org\\\/es\\\/#\\\/schema\\\/logo\\\/image\\\/\"},\"sameAs\":[\"https:\\\/\\\/www.facebook.com\\\/wiegoglobal\\\/\",\"https:\\\/\\\/x.com\\\/wiegoglobal\",\"https:\\\/\\\/www.linkedin.com\\\/company\\\/wiego\\\/\",\"https:\\\/\\\/www.youtube.com\\\/user\\\/wiegoglobal\"],\"description\":\"WIEGO is a global network that supports the movement of workers in informal employment.\"},{\"@type\":\"BreadcrumbList\",\"itemListElement\":[{\"@type\":\"ListItem\",\"position\":1,\"item\":{\"@id\":\"https:\\\/\\\/www.wiego.org\\\/es\\\/\",\"name\":\"WIEGO\"}},{\"@type\":\"ListItem\",\"position\":2,\"item\":{\"@id\":\"https:\\\/\\\/www.wiego.org\\\/es\\\/blog\\\/\",\"name\":\"Blog WIEGO\"}}],\"@id\":\"\\\/#breadcrumb\"}]}<\/script>\n<!-- \/ Yoast SEO Premium plugin. -->","yoast_head_json":{"title":"Superhero\u00ednas y superh\u00e9roes en la Ciudad de M\u00e9xico - WIEGO","robots":{"index":"index","follow":"follow","max-snippet":"max-snippet:-1","max-image-preview":"max-image-preview:large","max-video-preview":"max-video-preview:-1"},"canonical":"https:\/\/www.wiego.org\/es\/blog\/superheroinas-y-superheroes-en-la-ciudad-de-mexico\/","og_locale":"es_ES","og_type":"article","og_title":"Superhero\u00ednas y superh\u00e9roes en la Ciudad de M\u00e9xico","og_description":"WIEGO\u2019s Tania Espinosa S\u00e1nchez and Yuleina Carmona talk about the success of the Lxs Rifadxs campaign in Mexico City, which helped residents to see waste pickers in a new and more positive light.","og_url":"https:\/\/www.wiego.org\/es\/blog\/superheroinas-y-superheroes-en-la-ciudad-de-mexico\/","og_site_name":"WIEGO","article_publisher":"https:\/\/www.facebook.com\/wiegoglobal\/","article_published_time":"2023-04-14T16:00:00+00:00","article_modified_time":"2025-03-07T21:57:01+00:00","og_image":[{"width":1140,"height":430,"url":"https:\/\/www.wiego.org\/wp-content\/uploads\/2023\/04\/waste-picker-reads-comic-book-los-rifados-campaign-hero.jpg","type":"image\/jpeg"}],"author":"The WIEGO Team","twitter_card":"summary_large_image","twitter_creator":"@wiegoglobal","twitter_site":"@wiegoglobal","twitter_misc":{"Written by":"The WIEGO Team","Est. reading time":"5 minutes"},"schema":{"@context":"https:\/\/schema.org","@graph":[{"@type":"Article","@id":"https:\/\/www.wiego.org\/es\/blog\/superheroinas-y-superheroes-en-la-ciudad-de-mexico\/#article","isPartOf":{"@id":"https:\/\/www.wiego.org\/es\/blog\/superheroinas-y-superheroes-en-la-ciudad-de-mexico\/"},"author":{"name":"The WIEGO Team","@id":"https:\/\/www.wiego.org\/es\/#\/schema\/person\/a59b513607ebe888542e7f3325fc7769"},"headline":"Superhero\u00ednas y superh\u00e9roes en la Ciudad de M\u00e9xico","datePublished":"2023-04-14T16:00:00+00:00","dateModified":"2025-03-07T21:57:01+00:00","mainEntityOfPage":{"@id":"https:\/\/www.wiego.org\/es\/blog\/superheroinas-y-superheroes-en-la-ciudad-de-mexico\/"},"wordCount":1106,"publisher":{"@id":"https:\/\/www.wiego.org\/es\/#organization"},"image":{"@id":"https:\/\/www.wiego.org\/es\/blog\/superheroinas-y-superheroes-en-la-ciudad-de-mexico\/#primaryimage"},"thumbnailUrl":"https:\/\/www.wiego.org\/wp-content\/uploads\/2023\/04\/waste-picker-reads-comic-book-los-rifados-campaign-hero.jpg","articleSection":["Sin categorizar"],"inLanguage":"es-ES"},{"@type":"WebPage","@id":"https:\/\/www.wiego.org\/es\/blog\/superheroinas-y-superheroes-en-la-ciudad-de-mexico\/","url":"https:\/\/www.wiego.org\/es\/blog\/superheroinas-y-superheroes-en-la-ciudad-de-mexico\/","name":"Superhero\u00ednas y superh\u00e9roes en la Ciudad de M\u00e9xico - WIEGO","isPartOf":{"@id":"https:\/\/www.wiego.org\/es\/#website"},"primaryImageOfPage":{"@id":"https:\/\/www.wiego.org\/es\/blog\/superheroinas-y-superheroes-en-la-ciudad-de-mexico\/#primaryimage"},"image":{"@id":"https:\/\/www.wiego.org\/es\/blog\/superheroinas-y-superheroes-en-la-ciudad-de-mexico\/#primaryimage"},"thumbnailUrl":"https:\/\/www.wiego.org\/wp-content\/uploads\/2023\/04\/waste-picker-reads-comic-book-los-rifados-campaign-hero.jpg","datePublished":"2023-04-14T16:00:00+00:00","dateModified":"2025-03-07T21:57:01+00:00","breadcrumb":{"@id":"https:\/\/www.wiego.org\/es\/blog\/superheroinas-y-superheroes-en-la-ciudad-de-mexico\/#breadcrumb"},"inLanguage":"es-ES","potentialAction":[{"@type":"ReadAction","target":["https:\/\/www.wiego.org\/es\/blog\/superheroinas-y-superheroes-en-la-ciudad-de-mexico\/"]}]},{"@type":"ImageObject","inLanguage":"es-ES","@id":"https:\/\/www.wiego.org\/es\/blog\/superheroinas-y-superheroes-en-la-ciudad-de-mexico\/#primaryimage","url":"https:\/\/www.wiego.org\/wp-content\/uploads\/2023\/04\/waste-picker-reads-comic-book-los-rifados-campaign-hero.jpg","contentUrl":"https:\/\/www.wiego.org\/wp-content\/uploads\/2023\/04\/waste-picker-reads-comic-book-los-rifados-campaign-hero.jpg","width":1140,"height":430,"caption":"Waste picker reads the comic book created for the Los Rifados campaign"},{"@type":"WebSite","@id":"https:\/\/www.wiego.org\/es\/#website","url":"https:\/\/www.wiego.org\/es\/","name":"WIEGO","description":"","publisher":{"@id":"https:\/\/www.wiego.org\/es\/#organization"},"potentialAction":[{"@type":"SearchAction","target":{"@type":"EntryPoint","urlTemplate":"https:\/\/www.wiego.org\/es\/?s={search_term_string}"},"query-input":{"@type":"PropertyValueSpecification","valueRequired":true,"valueName":"search_term_string"}}],"inLanguage":"es-ES"},{"@type":"Organization","@id":"https:\/\/www.wiego.org\/es\/#organization","name":"WIEGO","url":"https:\/\/www.wiego.org\/es\/","logo":{"@type":"ImageObject","inLanguage":"es-ES","@id":"https:\/\/www.wiego.org\/es\/#\/schema\/logo\/image\/","url":"https:\/\/www.wiego.org\/wp-content\/uploads\/2024\/12\/logo.svg","contentUrl":"https:\/\/www.wiego.org\/wp-content\/uploads\/2024\/12\/logo.svg","width":142,"height":90,"caption":"WIEGO"},"image":{"@id":"https:\/\/www.wiego.org\/es\/#\/schema\/logo\/image\/"},"sameAs":["https:\/\/www.facebook.com\/wiegoglobal\/","https:\/\/x.com\/wiegoglobal","https:\/\/www.linkedin.com\/company\/wiego\/","https:\/\/www.youtube.com\/user\/wiegoglobal"],"description":"WIEGO is a global network that supports the movement of workers in informal employment."},{"@type":"BreadcrumbList","itemListElement":[{"@type":"ListItem","position":1,"item":{"@id":"https:\/\/www.wiego.org\/es\/","name":"WIEGO"}},{"@type":"ListItem","position":2,"item":{"@id":"https:\/\/www.wiego.org\/es\/blog\/","name":"Blog WIEGO"}}],"@id":"\/#breadcrumb"}]}},"_links":{"self":[{"href":"https:\/\/www.wiego.org\/es\/wp-json\/wp\/v2\/posts\/26831","targetHints":{"allow":["GET"]}}],"collection":[{"href":"https:\/\/www.wiego.org\/es\/wp-json\/wp\/v2\/posts"}],"about":[{"href":"https:\/\/www.wiego.org\/es\/wp-json\/wp\/v2\/types\/post"}],"author":[{"embeddable":true,"href":"https:\/\/www.wiego.org\/es\/wp-json\/wp\/v2\/users\/2"}],"replies":[{"embeddable":true,"href":"https:\/\/www.wiego.org\/es\/wp-json\/wp\/v2\/comments?post=26831"}],"version-history":[{"count":1,"href":"https:\/\/www.wiego.org\/es\/wp-json\/wp\/v2\/posts\/26831\/revisions"}],"predecessor-version":[{"id":46542,"href":"https:\/\/www.wiego.org\/es\/wp-json\/wp\/v2\/posts\/26831\/revisions\/46542"}],"wp:featuredmedia":[{"embeddable":true,"href":"https:\/\/www.wiego.org\/es\/wp-json\/wp\/v2\/media\/20402"}],"wp:attachment":[{"href":"https:\/\/www.wiego.org\/es\/wp-json\/wp\/v2\/media?parent=26831"}],"curies":[{"name":"wp","href":"https:\/\/api.w.org\/{rel}","templated":true}]}}