{"id":26804,"date":"2022-02-07T12:00:00","date_gmt":"2022-02-07T17:00:00","guid":{"rendered":"https:\/\/wiego.local\/conectando-lxs-recicladorxs-durante-la-pandemia\/"},"modified":"2025-03-07T16:56:25","modified_gmt":"2025-03-07T21:56:25","slug":"conectando-lxs-recicladorxs-durante-la-pandemia","status":"publish","type":"post","link":"https:\/\/www.wiego.org\/es\/blog\/conectando-lxs-recicladorxs-durante-la-pandemia\/","title":{"rendered":"Conectando a lxs recicladorxs durante la pandemia"},"content":{"rendered":"<p class=\"text-align-center\"><a class=\"btn btn-orange\" data-entity-substitution=\"canonical\" data-entity-type=\"node\" data-entity-uuid=\"1ad67d57-92e8-4cf7-a41a-a7a7f9adba18\" href=\"https:\/\/www.wiego.org\/es\/blog\/conectando-os-catadores-de-residuos-durante-pandemia\/\">Portugu\u00eas<\/a><br \/>\n\u00a0<\/p>\n<p>La pandemia de la COVID-19 afect\u00f3 gravemente a lxs recicladorxs de Brasil, quienes no contaban con la protecci\u00f3n necesaria para realizar su trabajo de forma segura y mantener as\u00ed sus medios de subsistencia. El <a data-entity-substitution=\"canonical\" data-entity-type=\"node\" data-entity-uuid=\"e3a246d3-29cc-4bbd-81fa-a259844b8afe\" href=\"\/catasaude\">proyecto CataSa\u00fade Viraliza<\/a> de WIEGO \u2013un curso de capacitaci\u00f3n en l\u00ednea\u2013 fue creado en Brasil en 2020 como respuesta a estos desaf\u00edos. Su prop\u00f3sito era generar conciencia sobre los protocolos de la COVID-19, el trabajo digno, las estrategias de respuesta y el trabajo organizativo. Otro objetivo importante buscaba crear conexiones duraderas, en una \u00e9poca de aislamiento, entre trabajadorxs organizadxs y aut\u00f3nomxs, as\u00ed como entre lxs recicladorxs de Am\u00e9rica Latina.<\/p>\n<p>De la mano de varixs socixs, como el <a href=\"https:\/\/www.mncr.org.br\/\">Movimiento Nacional de Catadores<\/a> de Brasil (MNCR), el <a href=\"http:\/\/www.insea.org.br\/\">Instituto Nenuca para el Desarrollo Sostenible (INSEA)<\/a>, el Observatorio para el Reciclaje Inclusivo (ORIS), el Centro AlterNativas de Producci\u00f3n-UFMG y <a href=\"https:\/\/pimpmycarroca.com\/\">Pimp my Carro\u00e7a<\/a>, dise\u00f1amos y llevamos a cabo el proyecto.<\/p>\n<p>Un equipo de 40 personas de lxs distintxs socixs trabaj\u00f3 a distancia para facilitarles este curso a lxs 456 participantes inscritxs en marzo de 2021. Adem\u00e1s, ten\u00edamos una lista de retransmisi\u00f3n de alrededor de 150 recicladorxs que no estaban formalmente inscritxs en el curso, pero que s\u00ed ten\u00edan acceso al contenido (aunque no pod\u00edan participar en los grupos interactivos de WhatsApp). De lxs participantes registradxs, m\u00e1s de una cuarta parte eran trabajadorxs aut\u00f3nomxs y m\u00e1s del 60% eran recicladoras. Finalmente, tuvimos 200 seguidorxs m\u00e1s en YouTube y casi 400 en Facebook, la mayor\u00eda mujeres.<\/p>\n<figure role=\"group\" class=\"align-center\"><img decoding=\"async\" alt=\"Invitaci\u00f3n a una transmisi\u00f3n en vivo sobre vacunaci\u00f3n\" data-entity-type=\"file\" data-entity-uuid=\"b5a53c3e-1a87-4a6e-9abe-ef964a7608da\" src=\"\/sites\/default\/files\/inline-images\/invitation_to_an_online_Live_event_vaccination.jpg\" width=\"656\" height=\"820\" loading=\"lazy\" \/><figcaption>Invitaci\u00f3n a una transmisi\u00f3n en vivo sobre vacunaci\u00f3n<\/figcaption><\/figure>\n<p>Fue una experiencia \u00fanica para muchxs trabajadorxs, que por primera vez intercambiaron experiencias con recicladorxs del otro lado del vasto pa\u00eds que es Brasil, e incluso de Am\u00e9rica Latina. Esto fue posible gracias al formato digital del curso, lo cual hizo posible una amplia diversidad de participantes.<\/p>\n<p>Para Madalena Duarte, lideresa del MNCR, \u201cCataSa\u00fade fue un hito\u201d que les dio a lxs recicladorxs un \u201cest\u00edmulo para crecer\u201d.<\/p>\n<p>El uso de herramientas de educaci\u00f3n y comunicaci\u00f3n populares, as\u00ed como el empleo de un lenguaje accesible y de una variedad de formatos que inclu\u00edan videos, audios y tarjetas, fueron elementos clave. Gracias al flujo continuo de comunicaci\u00f3n, lxs participantes mantuvieron su compromiso con el curso.<\/p>\n<p>El curso se llev\u00f3 a cabo utilizando tres plataformas en l\u00ednea: WhatsApp para el aula, donde discutimos el contenido de cada m\u00f3dulo del curso y organizamos momentos espec\u00edficos para el intercambio entre lxs participantes. Facebook actu\u00f3 como biblioteca para todo el contenido del curso y para los materiales complementarios. A trav\u00e9s de transmisiones en vivo abiertas e interactivas en YouTube o Facebook, el proyecto permiti\u00f3 que se dieran discusiones basadas en las experiencias de lxs trabajadorxs y que se abordaran contenidos de calidad sobre distintos temas \u2013incluso con funcionarixs y expertxs t\u00e9cnicxs\u2013 para un p\u00fablico m\u00e1s amplio de recicladorxs. Las transmisiones en vivo siempre comenzaban con un breve <a href=\"https:\/\/www.youtube.com\/playlist?list=PLcowp-QmnlmKaw65ni04XRKQq0AoDYP2L\">sketch educativo de payasxs<\/a> (en portugu\u00e9s).<\/p>\n<p>Se hizo hincapi\u00e9 en la participaci\u00f3n de lxs recicladorxs, incluso en el dise\u00f1o del curso \u2013ayudaron a elegir los temas que se iban a tratar y a organizar las representaciones teatrales\u2013. Discutimos una gran variedad de temas, como vivir con la pandemia en el sector del reciclaje, mejorar los sistemas de recolecci\u00f3n selectiva de residuos y proteger a lxs recicladorxs durante la COVID-19, as\u00ed como sobre vacunas, estrategias econ\u00f3micas y seguridad social \u2013tema que se agreg\u00f3 a petici\u00f3n de lxs recicladorxs\u2013.<\/p>\n<p>Lxs participantes se convirtieron en lxs m\u00e1s importantes difusorxs de informaci\u00f3n y actuaron como agentes de movilizaci\u00f3n de los protocolos de la COVID-19. Tambi\u00e9n se\u00f1alaron que hubo una una mayor comprensi\u00f3n de estos protocolos despu\u00e9s del curso en nuestra encuesta final.<\/p>\n<p>Organizamos dos sesiones que facilitaron que se crearan v\u00ednculos entre lxs recicladorxs de Am\u00e9rica Latina. Estos intercambios constituyeron una oportunidad para hablar sobre CataSa\u00fade Viraliza y sobre el apoyo que se le dio a la secretar\u00eda del movimiento brasile\u00f1o de recicladorxs como parte de la financiaci\u00f3n. Tambi\u00e9n invitamos a participantes de otros pa\u00edses, como Argentina, Chile y Colombia, para que compartieran sus experiencias en la lucha contra la COVID-19. Fue una sesi\u00f3n muy importante para nuestrxs participantes, especialmente para aquellxs que nunca hab\u00edan tenido la oportunidad de interactuar con trabajadorxs de otros pa\u00edses.<\/p>\n<p>Los testimonios de lxs recicladorxs que asistieron al curso confirmaron que hubo una mayor conexi\u00f3n entre lxs recicladorxs organizadxs y aut\u00f3nomxs. Como declar\u00f3 un reciclador no organizado:<\/p>\n<blockquote>\n<p>Estoy muy feliz de haber participado de estos encuentros y conocer a toda esta gente, ha tenido un impacto muy fuerte. Me siento representado por ustedes. Este camino de aprendizaje ha sido gratificante, porque intercambiamos ideas, no hablamos \u00fanicamente sobre lo que tenemos que soportar. Todo el debate sobre el EPI ha sido de gran ayuda en muchos momentos del d\u00eda a d\u00eda. Estas son las cosas que pueden ayudar a un reciclador a sentirse valorado, a que el trabajo sea m\u00e1s digno.<\/p>\n<\/blockquote>\n<figure role=\"group\" class=\"align-center\"><img decoding=\"async\" alt=\"Tarjeta de invitaci\u00f3n para el intercambio de Am\u00e9rica Latina\" data-entity-type=\"file\" data-entity-uuid=\"f2bde95a-3517-4937-bffd-d355f9eb514c\" src=\"\/sites\/default\/files\/inline-images\/invitation_card_for_the_latin_america_exchange.jpg\" width=\"656\" height=\"656\" loading=\"lazy\" \/><figcaption>Tarjeta de invitaci\u00f3n para el intercambio de Am\u00e9rica Latina<\/figcaption><\/figure>\n<p>Lxs recicladorxs tambi\u00e9n pudieron aprovechar el espacio seguro que cre\u00f3 el curso para intercambiar experiencias e ideas, en un momento en que muchxs de ellxs estaban en situaci\u00f3n de aislamiento.<\/p>\n<blockquote>\n<p>\u201cEl contenido ayud\u00f3 a aclarar dudas sobre la COVID-19. El curso lleg\u00f3 en el momento oportuno, cuando hab\u00eda mucha presi\u00f3n psicol\u00f3gica. La participaci\u00f3n en el grupo y en las transmisiones en vivo me sirvi\u00f3 de terapia\u201d. &#8211; Evaldo Cristiano Garc\u00eda, reciclador aut\u00f3nomo.<\/p>\n<\/blockquote>\n<p>El curso tambi\u00e9n sirvi\u00f3 para sensibilizar a lxs l\u00edderes de lxs recicladorxs sobre los desaf\u00edos personales a los que se enfrentan lxs trabajadorxs en diversas circunstancias. Ahora hemos creado un grupo de WhatsApp para debatir cuestiones locales, de manera que haya una descentralizaci\u00f3n de la informaci\u00f3n que ayude a abordar los problemas espec\u00edficos de lxs trabajadorxs en determinadas zonas.<\/p>\n<p>A trav\u00e9s del proyecto, brindamos apoyo material inmediato \u2013equipos de protecci\u00f3n individual, desinfectante de manos, canastas de alimentos\u2013 a quince grupos locales de ayuda mutua en diez ciudades de Brasil. En algunos lugares, lxs trabajadorxs pudieron entablar un di\u00e1logo con funcionarixs municipales y presentar sus necesidades, incluso con respecto a las vacunas en algunos casos.<\/p>\n<figure role=\"group\" class=\"align-center\"><img decoding=\"async\" alt=\"Tarjeta gr\u00e1fica de una de las iniciativas de ayuda mutua\" data-entity-type=\"file\" data-entity-uuid=\"0b4dc604-7fca-4c3c-9238-fcd46172e179\" src=\"\/sites\/default\/files\/inline-images\/a_visual_card_from_one_of_the_mutual_aid_efforts.jpg\" width=\"656\" height=\"820\" loading=\"lazy\" \/><figcaption>Tarjeta gr\u00e1fica de una de las iniciativas de ayuda mutua<\/figcaption><\/figure>\n<p>Despu\u00e9s del curso, se les ofreci\u00f3 a lxs participantes unirse a los grupos de WhatsApp de trabajadorxs existentes, incluido uno del movimiento nacional de recicladorxs y un grupo de WhatsApp mixto. Muchxs lo hicieron.<\/p>\n<p>Uno de los factores clave del \u00e9xito de CataSa\u00fade fue el compromiso, la dedicaci\u00f3n y la creatividad de todo el equipo, lxs coordinadorxs, formadorxs, animadorxs en l\u00ednea y recicladorxs que trabajaron en la movilizaci\u00f3n. En un momento de gran incertidumbre, estr\u00e9s y p\u00e9rdida, partir de perspectivas interdisciplinarias y construir una red de solidaridad en todo el pa\u00eds ayud\u00f3 a CataSa\u00fade a mantener su impulso.<\/p>\n<p>Adem\u00e1s de aumentar el conocimiento de los protocolos de la COVID-19 y de los protocolos de seguridad en el lugar de trabajo, uno de los grandes logros de este curso en l\u00ednea fue que se establecieron relaciones de confianza entre lxs trabajadorxs organizadxs y aut\u00f3nomxs y lxs socixs. Esperamos que esta sinergia sea \u00fatil en futuras acciones colectivas.<\/p>\n<p><em>El proyecto fue financiado por la Open Society Foundations y WIEGO.<\/em><\/p>\n<hr \/>\n<h5>Foto superior: Publicidad del proyecto CataSa\u00fade Viraliza en Brasil<\/h5>\n","protected":false},"excerpt":{"rendered":"<p>El proyecto CataSa\u00fade Viraliza de WIEGO \u2013un curso de capacitaci\u00f3n en l\u00ednea\u2013 fue creado en Brasil en 2020 como respuesta a los desaf\u00edos que surgieron por la pandemia de la COVID-19. Uno de los objetivos m\u00e1s importantes consist\u00eda en crear conexiones duraderas, en una \u00e9poca de aislamiento, entre trabajadorxs organizadxs y aut\u00f3nomxs, as\u00ed como entre lxs recicladorxs de Am\u00e9rica Latina.<\/p>\n","protected":false},"author":2,"featured_media":17261,"comment_status":"closed","ping_status":"closed","sticky":false,"template":"","format":"standard","meta":{"_acf_changed":false,"_relevanssi_hide_post":"","_relevanssi_hide_content":"","_relevanssi_pin_for_all":"","_relevanssi_pin_keywords":"","_relevanssi_unpin_keywords":"","_relevanssi_related_keywords":"","_relevanssi_related_include_ids":"","_relevanssi_related_exclude_ids":"","_relevanssi_related_no_append":"","_relevanssi_related_not_related":"","_relevanssi_related_posts":"","_relevanssi_noindex_reason":"","footnotes":""},"class_list":["post-26804","post","type-post","status-publish","format-standard","has-post-thumbnail","hentry","economy-theme-covid-19-crisis-study","economy-theme-etude-crise-covid-19","occupational-group-recicladorxs","region-las-americas"],"acf":[],"yoast_head":"<!-- This site is optimized with the Yoast SEO Premium plugin v23.8 (Yoast SEO v27.4) - https:\/\/yoast.com\/product\/yoast-seo-premium-wordpress\/ -->\n<title>Conectando a lxs recicladorxs durante la pandemia - WIEGO<\/title>\n<meta name=\"robots\" content=\"index, follow, max-snippet:-1, max-image-preview:large, max-video-preview:-1\" \/>\n<link rel=\"canonical\" href=\"https:\/\/www.wiego.org\/es\/blog\/conectando-lxs-recicladorxs-durante-la-pandemia\/\" \/>\n<meta property=\"og:locale\" content=\"es_ES\" \/>\n<meta property=\"og:type\" content=\"article\" \/>\n<meta property=\"og:title\" content=\"Conectando a lxs recicladorxs durante la pandemia\" \/>\n<meta property=\"og:description\" content=\"El proyecto CataSa\u00fade Viraliza de WIEGO \u2013un curso de capacitaci\u00f3n en l\u00ednea\u2013 fue creado en Brasil en 2020 como respuesta a los desaf\u00edos que surgieron por la pandemia de la COVID-19. Uno de los objetivos m\u00e1s importantes consist\u00eda en crear conexiones duraderas, en una \u00e9poca de aislamiento, entre trabajadorxs organizadxs y aut\u00f3nomxs, as\u00ed como entre lxs recicladorxs de Am\u00e9rica Latina.\" \/>\n<meta property=\"og:url\" content=\"https:\/\/www.wiego.org\/es\/blog\/conectando-lxs-recicladorxs-durante-la-pandemia\/\" \/>\n<meta property=\"og:site_name\" content=\"WIEGO\" \/>\n<meta property=\"article:publisher\" content=\"https:\/\/www.facebook.com\/wiegoglobal\/\" \/>\n<meta property=\"article:published_time\" content=\"2022-02-07T17:00:00+00:00\" \/>\n<meta property=\"article:modified_time\" content=\"2025-03-07T21:56:25+00:00\" \/>\n<meta property=\"og:image\" content=\"https:\/\/www.wiego.org\/wp-content\/uploads\/2021\/04\/CataSaude_Hero.jpg\" \/>\n\t<meta property=\"og:image:width\" content=\"1140\" \/>\n\t<meta property=\"og:image:height\" content=\"430\" \/>\n\t<meta property=\"og:image:type\" content=\"image\/jpeg\" \/>\n<meta name=\"author\" content=\"The WIEGO Team\" \/>\n<meta name=\"twitter:card\" content=\"summary_large_image\" \/>\n<meta name=\"twitter:creator\" content=\"@wiegoglobal\" \/>\n<meta name=\"twitter:site\" content=\"@wiegoglobal\" \/>\n<meta name=\"twitter:label1\" content=\"Written by\" \/>\n\t<meta name=\"twitter:data1\" content=\"The WIEGO Team\" \/>\n\t<meta name=\"twitter:label2\" content=\"Est. reading time\" \/>\n\t<meta name=\"twitter:data2\" content=\"6 minutes\" \/>\n<script type=\"application\/ld+json\" class=\"yoast-schema-graph\">{\"@context\":\"https:\\\/\\\/schema.org\",\"@graph\":[{\"@type\":\"Article\",\"@id\":\"https:\\\/\\\/www.wiego.org\\\/es\\\/blog\\\/conectando-lxs-recicladorxs-durante-la-pandemia\\\/#article\",\"isPartOf\":{\"@id\":\"https:\\\/\\\/www.wiego.org\\\/es\\\/blog\\\/conectando-lxs-recicladorxs-durante-la-pandemia\\\/\"},\"author\":{\"name\":\"The WIEGO Team\",\"@id\":\"https:\\\/\\\/www.wiego.org\\\/es\\\/#\\\/schema\\\/person\\\/a59b513607ebe888542e7f3325fc7769\"},\"headline\":\"Conectando a lxs recicladorxs durante la pandemia\",\"datePublished\":\"2022-02-07T17:00:00+00:00\",\"dateModified\":\"2025-03-07T21:56:25+00:00\",\"mainEntityOfPage\":{\"@id\":\"https:\\\/\\\/www.wiego.org\\\/es\\\/blog\\\/conectando-lxs-recicladorxs-durante-la-pandemia\\\/\"},\"wordCount\":1286,\"publisher\":{\"@id\":\"https:\\\/\\\/www.wiego.org\\\/es\\\/#organization\"},\"image\":{\"@id\":\"https:\\\/\\\/www.wiego.org\\\/es\\\/blog\\\/conectando-lxs-recicladorxs-durante-la-pandemia\\\/#primaryimage\"},\"thumbnailUrl\":\"https:\\\/\\\/www.wiego.org\\\/wp-content\\\/uploads\\\/2021\\\/04\\\/CataSaude_Hero.jpg\",\"articleSection\":[\"Sin categorizar\"],\"inLanguage\":\"es-ES\"},{\"@type\":\"WebPage\",\"@id\":\"https:\\\/\\\/www.wiego.org\\\/es\\\/blog\\\/conectando-lxs-recicladorxs-durante-la-pandemia\\\/\",\"url\":\"https:\\\/\\\/www.wiego.org\\\/es\\\/blog\\\/conectando-lxs-recicladorxs-durante-la-pandemia\\\/\",\"name\":\"Conectando a lxs recicladorxs durante la pandemia - WIEGO\",\"isPartOf\":{\"@id\":\"https:\\\/\\\/www.wiego.org\\\/es\\\/#website\"},\"primaryImageOfPage\":{\"@id\":\"https:\\\/\\\/www.wiego.org\\\/es\\\/blog\\\/conectando-lxs-recicladorxs-durante-la-pandemia\\\/#primaryimage\"},\"image\":{\"@id\":\"https:\\\/\\\/www.wiego.org\\\/es\\\/blog\\\/conectando-lxs-recicladorxs-durante-la-pandemia\\\/#primaryimage\"},\"thumbnailUrl\":\"https:\\\/\\\/www.wiego.org\\\/wp-content\\\/uploads\\\/2021\\\/04\\\/CataSaude_Hero.jpg\",\"datePublished\":\"2022-02-07T17:00:00+00:00\",\"dateModified\":\"2025-03-07T21:56:25+00:00\",\"breadcrumb\":{\"@id\":\"https:\\\/\\\/www.wiego.org\\\/es\\\/blog\\\/conectando-lxs-recicladorxs-durante-la-pandemia\\\/#breadcrumb\"},\"inLanguage\":\"es-ES\",\"potentialAction\":[{\"@type\":\"ReadAction\",\"target\":[\"https:\\\/\\\/www.wiego.org\\\/es\\\/blog\\\/conectando-lxs-recicladorxs-durante-la-pandemia\\\/\"]}]},{\"@type\":\"ImageObject\",\"inLanguage\":\"es-ES\",\"@id\":\"https:\\\/\\\/www.wiego.org\\\/es\\\/blog\\\/conectando-lxs-recicladorxs-durante-la-pandemia\\\/#primaryimage\",\"url\":\"https:\\\/\\\/www.wiego.org\\\/wp-content\\\/uploads\\\/2021\\\/04\\\/CataSaude_Hero.jpg\",\"contentUrl\":\"https:\\\/\\\/www.wiego.org\\\/wp-content\\\/uploads\\\/2021\\\/04\\\/CataSaude_Hero.jpg\",\"width\":1140,\"height\":430,\"caption\":\"CataSa\u00fade Viraliza\"},{\"@type\":\"WebSite\",\"@id\":\"https:\\\/\\\/www.wiego.org\\\/es\\\/#website\",\"url\":\"https:\\\/\\\/www.wiego.org\\\/es\\\/\",\"name\":\"WIEGO\",\"description\":\"\",\"publisher\":{\"@id\":\"https:\\\/\\\/www.wiego.org\\\/es\\\/#organization\"},\"potentialAction\":[{\"@type\":\"SearchAction\",\"target\":{\"@type\":\"EntryPoint\",\"urlTemplate\":\"https:\\\/\\\/www.wiego.org\\\/es\\\/?s={search_term_string}\"},\"query-input\":{\"@type\":\"PropertyValueSpecification\",\"valueRequired\":true,\"valueName\":\"search_term_string\"}}],\"inLanguage\":\"es-ES\"},{\"@type\":\"Organization\",\"@id\":\"https:\\\/\\\/www.wiego.org\\\/es\\\/#organization\",\"name\":\"WIEGO\",\"url\":\"https:\\\/\\\/www.wiego.org\\\/es\\\/\",\"logo\":{\"@type\":\"ImageObject\",\"inLanguage\":\"es-ES\",\"@id\":\"https:\\\/\\\/www.wiego.org\\\/es\\\/#\\\/schema\\\/logo\\\/image\\\/\",\"url\":\"https:\\\/\\\/www.wiego.org\\\/wp-content\\\/uploads\\\/2024\\\/12\\\/logo.svg\",\"contentUrl\":\"https:\\\/\\\/www.wiego.org\\\/wp-content\\\/uploads\\\/2024\\\/12\\\/logo.svg\",\"width\":142,\"height\":90,\"caption\":\"WIEGO\"},\"image\":{\"@id\":\"https:\\\/\\\/www.wiego.org\\\/es\\\/#\\\/schema\\\/logo\\\/image\\\/\"},\"sameAs\":[\"https:\\\/\\\/www.facebook.com\\\/wiegoglobal\\\/\",\"https:\\\/\\\/x.com\\\/wiegoglobal\",\"https:\\\/\\\/www.linkedin.com\\\/company\\\/wiego\\\/\",\"https:\\\/\\\/www.youtube.com\\\/user\\\/wiegoglobal\"],\"description\":\"WIEGO is a global network that supports the movement of workers in informal employment.\"},{\"@type\":\"BreadcrumbList\",\"itemListElement\":[{\"@type\":\"ListItem\",\"position\":1,\"item\":{\"@id\":\"https:\\\/\\\/www.wiego.org\\\/es\\\/\",\"name\":\"WIEGO\"}},{\"@type\":\"ListItem\",\"position\":2,\"item\":{\"@id\":\"https:\\\/\\\/www.wiego.org\\\/es\\\/blog\\\/\",\"name\":\"Blog WIEGO\"}}],\"@id\":\"\\\/#breadcrumb\"}]}<\/script>\n<!-- \/ Yoast SEO Premium plugin. -->","yoast_head_json":{"title":"Conectando a lxs recicladorxs durante la pandemia - WIEGO","robots":{"index":"index","follow":"follow","max-snippet":"max-snippet:-1","max-image-preview":"max-image-preview:large","max-video-preview":"max-video-preview:-1"},"canonical":"https:\/\/www.wiego.org\/es\/blog\/conectando-lxs-recicladorxs-durante-la-pandemia\/","og_locale":"es_ES","og_type":"article","og_title":"Conectando a lxs recicladorxs durante la pandemia","og_description":"El proyecto CataSa\u00fade Viraliza de WIEGO \u2013un curso de capacitaci\u00f3n en l\u00ednea\u2013 fue creado en Brasil en 2020 como respuesta a los desaf\u00edos que surgieron por la pandemia de la COVID-19. Uno de los objetivos m\u00e1s importantes consist\u00eda en crear conexiones duraderas, en una \u00e9poca de aislamiento, entre trabajadorxs organizadxs y aut\u00f3nomxs, as\u00ed como entre lxs recicladorxs de Am\u00e9rica Latina.","og_url":"https:\/\/www.wiego.org\/es\/blog\/conectando-lxs-recicladorxs-durante-la-pandemia\/","og_site_name":"WIEGO","article_publisher":"https:\/\/www.facebook.com\/wiegoglobal\/","article_published_time":"2022-02-07T17:00:00+00:00","article_modified_time":"2025-03-07T21:56:25+00:00","og_image":[{"width":1140,"height":430,"url":"https:\/\/www.wiego.org\/wp-content\/uploads\/2021\/04\/CataSaude_Hero.jpg","type":"image\/jpeg"}],"author":"The WIEGO Team","twitter_card":"summary_large_image","twitter_creator":"@wiegoglobal","twitter_site":"@wiegoglobal","twitter_misc":{"Written by":"The WIEGO Team","Est. reading time":"6 minutes"},"schema":{"@context":"https:\/\/schema.org","@graph":[{"@type":"Article","@id":"https:\/\/www.wiego.org\/es\/blog\/conectando-lxs-recicladorxs-durante-la-pandemia\/#article","isPartOf":{"@id":"https:\/\/www.wiego.org\/es\/blog\/conectando-lxs-recicladorxs-durante-la-pandemia\/"},"author":{"name":"The WIEGO Team","@id":"https:\/\/www.wiego.org\/es\/#\/schema\/person\/a59b513607ebe888542e7f3325fc7769"},"headline":"Conectando a lxs recicladorxs durante la pandemia","datePublished":"2022-02-07T17:00:00+00:00","dateModified":"2025-03-07T21:56:25+00:00","mainEntityOfPage":{"@id":"https:\/\/www.wiego.org\/es\/blog\/conectando-lxs-recicladorxs-durante-la-pandemia\/"},"wordCount":1286,"publisher":{"@id":"https:\/\/www.wiego.org\/es\/#organization"},"image":{"@id":"https:\/\/www.wiego.org\/es\/blog\/conectando-lxs-recicladorxs-durante-la-pandemia\/#primaryimage"},"thumbnailUrl":"https:\/\/www.wiego.org\/wp-content\/uploads\/2021\/04\/CataSaude_Hero.jpg","articleSection":["Sin categorizar"],"inLanguage":"es-ES"},{"@type":"WebPage","@id":"https:\/\/www.wiego.org\/es\/blog\/conectando-lxs-recicladorxs-durante-la-pandemia\/","url":"https:\/\/www.wiego.org\/es\/blog\/conectando-lxs-recicladorxs-durante-la-pandemia\/","name":"Conectando a lxs recicladorxs durante la pandemia - WIEGO","isPartOf":{"@id":"https:\/\/www.wiego.org\/es\/#website"},"primaryImageOfPage":{"@id":"https:\/\/www.wiego.org\/es\/blog\/conectando-lxs-recicladorxs-durante-la-pandemia\/#primaryimage"},"image":{"@id":"https:\/\/www.wiego.org\/es\/blog\/conectando-lxs-recicladorxs-durante-la-pandemia\/#primaryimage"},"thumbnailUrl":"https:\/\/www.wiego.org\/wp-content\/uploads\/2021\/04\/CataSaude_Hero.jpg","datePublished":"2022-02-07T17:00:00+00:00","dateModified":"2025-03-07T21:56:25+00:00","breadcrumb":{"@id":"https:\/\/www.wiego.org\/es\/blog\/conectando-lxs-recicladorxs-durante-la-pandemia\/#breadcrumb"},"inLanguage":"es-ES","potentialAction":[{"@type":"ReadAction","target":["https:\/\/www.wiego.org\/es\/blog\/conectando-lxs-recicladorxs-durante-la-pandemia\/"]}]},{"@type":"ImageObject","inLanguage":"es-ES","@id":"https:\/\/www.wiego.org\/es\/blog\/conectando-lxs-recicladorxs-durante-la-pandemia\/#primaryimage","url":"https:\/\/www.wiego.org\/wp-content\/uploads\/2021\/04\/CataSaude_Hero.jpg","contentUrl":"https:\/\/www.wiego.org\/wp-content\/uploads\/2021\/04\/CataSaude_Hero.jpg","width":1140,"height":430,"caption":"CataSa\u00fade Viraliza"},{"@type":"WebSite","@id":"https:\/\/www.wiego.org\/es\/#website","url":"https:\/\/www.wiego.org\/es\/","name":"WIEGO","description":"","publisher":{"@id":"https:\/\/www.wiego.org\/es\/#organization"},"potentialAction":[{"@type":"SearchAction","target":{"@type":"EntryPoint","urlTemplate":"https:\/\/www.wiego.org\/es\/?s={search_term_string}"},"query-input":{"@type":"PropertyValueSpecification","valueRequired":true,"valueName":"search_term_string"}}],"inLanguage":"es-ES"},{"@type":"Organization","@id":"https:\/\/www.wiego.org\/es\/#organization","name":"WIEGO","url":"https:\/\/www.wiego.org\/es\/","logo":{"@type":"ImageObject","inLanguage":"es-ES","@id":"https:\/\/www.wiego.org\/es\/#\/schema\/logo\/image\/","url":"https:\/\/www.wiego.org\/wp-content\/uploads\/2024\/12\/logo.svg","contentUrl":"https:\/\/www.wiego.org\/wp-content\/uploads\/2024\/12\/logo.svg","width":142,"height":90,"caption":"WIEGO"},"image":{"@id":"https:\/\/www.wiego.org\/es\/#\/schema\/logo\/image\/"},"sameAs":["https:\/\/www.facebook.com\/wiegoglobal\/","https:\/\/x.com\/wiegoglobal","https:\/\/www.linkedin.com\/company\/wiego\/","https:\/\/www.youtube.com\/user\/wiegoglobal"],"description":"WIEGO is a global network that supports the movement of workers in informal employment."},{"@type":"BreadcrumbList","itemListElement":[{"@type":"ListItem","position":1,"item":{"@id":"https:\/\/www.wiego.org\/es\/","name":"WIEGO"}},{"@type":"ListItem","position":2,"item":{"@id":"https:\/\/www.wiego.org\/es\/blog\/","name":"Blog WIEGO"}}],"@id":"\/#breadcrumb"}]}},"_links":{"self":[{"href":"https:\/\/www.wiego.org\/es\/wp-json\/wp\/v2\/posts\/26804","targetHints":{"allow":["GET"]}}],"collection":[{"href":"https:\/\/www.wiego.org\/es\/wp-json\/wp\/v2\/posts"}],"about":[{"href":"https:\/\/www.wiego.org\/es\/wp-json\/wp\/v2\/types\/post"}],"author":[{"embeddable":true,"href":"https:\/\/www.wiego.org\/es\/wp-json\/wp\/v2\/users\/2"}],"replies":[{"embeddable":true,"href":"https:\/\/www.wiego.org\/es\/wp-json\/wp\/v2\/comments?post=26804"}],"version-history":[{"count":1,"href":"https:\/\/www.wiego.org\/es\/wp-json\/wp\/v2\/posts\/26804\/revisions"}],"predecessor-version":[{"id":46515,"href":"https:\/\/www.wiego.org\/es\/wp-json\/wp\/v2\/posts\/26804\/revisions\/46515"}],"wp:featuredmedia":[{"embeddable":true,"href":"https:\/\/www.wiego.org\/es\/wp-json\/wp\/v2\/media\/17261"}],"wp:attachment":[{"href":"https:\/\/www.wiego.org\/es\/wp-json\/wp\/v2\/media?parent=26804"}],"curies":[{"name":"wp","href":"https:\/\/api.w.org\/{rel}","templated":true}]}}