{"id":26270,"date":"2020-04-05T14:25:18","date_gmt":"2020-04-05T18:25:18","guid":{"rendered":"https:\/\/wiego.local\/vendedorxs-ambulantes\/"},"modified":"2020-04-05T14:25:18","modified_gmt":"2020-04-05T18:25:18","slug":"vendedorxs-ambulantes","status":"publish","type":"post","link":"https:\/\/www.wiego.org\/es\/blog\/vendedorxs-ambulantes\/","title":{"rendered":"Vendedorxs ambulantes: Bienes esenciales y necesidades urgentes"},"content":{"rendered":"<figure role=\"group\"><img decoding=\"async\" alt=\"Foto: Feliciana Carcasi Luque vende comida en el Mercado Modelo Pamplona de Lima, donde se ha permitido que algunxs vendedorxs de art\u00edculos de primera necesidad siguieran trabajando. Foto de Juan Arredondo, Getty Images Reportage.\" data-entity-type=\"file\" data-entity-uuid=\"ebf087cb-6eb6-4556-9b5a-02a9d0a274e5\" src=\"\/sites\/default\/files\/inline-images\/Hewlett_LIMA_egglady%20vendor.jpg\" width=\"935\" height=\"501\" loading=\"lazy\" \/><figcaption><em>Foto: Feliciana Carcasi Luque vende comida en el Mercado Modelo Pamplona de Lima, donde se ha permitido que algunxs vendedorxs de art\u00edculos de primera necesidad siguieran trabajando. Foto de Juan Arredondo, Getty Images Reportage.<\/em><\/figcaption><\/figure>\n<h2>La pandemia se suma a las dificultades de lxs vendedorxs en empleo informal<\/h2>\n<p>Lxs vendedorxs ambulantes, lxs comerciantes y lxs estibadorxs de mercado proveen bienes y servicios necesarios, especialmente a quienes deben comprar productos esenciales en cantidades peque\u00f1as y a precios accesibles. Quienes venden alimentos \u2013tanto frescos como preparados\u2013 son una parte esencial de las cadenas de suministro urbanas. Representan la seguridad alimentaria para un grupo grande de personas que no puede acceder a los productos de los supermercados modernos.<\/p>\n<p class=\"indented-content-block\"><strong>\u201cLas investigaciones demuestran claramente que la econom\u00eda informal es fundamental para la seguridad alimentaria, particularmente en comunidades de bajos ingresos\u201d.<\/strong><\/p>\n<p class=\"text-align-right\"><strong><em>~Caroline Skinner, directora de Investigaci\u00f3n Urbana de WIEGO, citada en <a href=\"https:\/\/citymonitor.ai\/business\/as-the-world-stays-home-street-vendors-fight-to-survive\" target=\"_blank\" rel=\"noopener\">City Monitor<\/a><\/em><\/strong><\/p>\n<p>En esta <a href=\"https:\/\/www.wiego.org\/blog\/food-security-and-street-vendors-during-covid-19-interview-wiegos-caroline-skinner\/\">imperdible entrevista de abril de 2020<\/a>, Caroline Skinner explica la necesidad urgente de autorizar el sistema alimentario informal: \u201c\u00a1El sistema funciona!\u201d Asimismo, insta a los pa\u00edses a brindar agua y productos de desinfecci\u00f3n, y a los organismos de control a acabar con el acoso a estxs importantes trabajadorxs. Tambi\u00e9n reclama apoyo directo a los ingresos.<\/p>\n<p>Durante el aislamiento social obligatorio en Johannesburgo, el Instituto de Derechos Socioecon\u00f3micos de Sud\u00e1frica represent\u00f3 a un grupo de comerciantes que, esencialmente, estaban siendo <a href=\"https:\/\/www.wiego.org\/punished-their-poverty-street-traders-south-africa\">\u201ccastigados por ser pobres\u201d<\/a>.<\/p>\n<h3>Por qu\u00e9 la crisis de la COVID afecta tanto a lxs vendedorxs ambulantes<\/h3>\n<p>Lxs vendedorxs ambulantes, lxs comerciantes y lxs estibadorxs de mercado obtienen sus ingresos en espacios p\u00fablicos, a menudo llenos de gente. En este segmento de Radio France Internationale, Dorcas Ansah, coordinadora de WIEGO de la Ciudad Focal Accra, <a href=\"https:\/\/www.rfi.fr\/en\/africa\/20200408-african-street-vendors-feel-the-squeeze-under-strict-covid-19-measures-food-traders-markets-coronavirus-lockdown\" target=\"_blank\" rel=\"noopener\">explica la imposibilidad<\/a> de implementar el distanciamiento f\u00edsico cuando no hay espacio para moverse.<\/p>\n<p>Tambi\u00e9n es imposible lavarse las manos con frecuencia y poner en pr\u00e1ctica otras medidas de higiene si no hay infraestructura para ello. <a href=\"https:\/\/www.wiego.org\/blog\/street-vendors-finding-water-and-toilets-isnt-just-nuisance-its-cutting-earnings\/\">Investigaciones recientes<\/a> muestran que muchxs de ellxs tienen un acceso deficiente al agua, a instalaciones sanitarias y a la higiene, por lo que no tiene sentido decirles que se laven las manos, a menos que las autoridades municipales les brinden los medios para hacerlo.<\/p>\n<p class=\"text-align-center\"><strong><a class=\"btn btn-orange\" href=\"https:\/\/www.wiego.org\/advocacy-worker-education-resources\/covid-19-health-guidelines-informal-traders\" hreflang=\"en\">LINEAMIENTOS SANITARIOS SOBRE LA COVID-19<br \/>\nPARA COMERCIANTES EN EMPLEO INFORMAL<\/a><\/strong><\/p>\n<p>Tal como lo <a href=\"https:\/\/www.wiego.org\/blog\/esta-nueva-crisis-acentua-las-antiguas-injusticias-de-la-economia-global\/\">escribe Sally Roever<\/a>, lxs vendedorxs ambulantes siempre han enfrentado reglamentaciones muy costosas y medidas punitivas por parte de las autoridades, incluida la confiscaci\u00f3n de bienes y arrestos. Sin embargo, ahora, la imposici\u00f3n de medidas de aislamiento social obligatorio a nivel local y nacional para contener la propagaci\u00f3n de la COVID-19 amenaza no solo los medios de subsistencia, sino la propia supervivencia de lxs vendedorxs en empleo informal y sus familias en algunos lugares.<\/p>\n<p>Los Gobiernos locales y nacionales deben encontrar las formas de satisfacer las urgentes necesidades financieras y sanitarias de estxs trabajadorxs. La mejor forma de encontrar medidas pr\u00e1cticas y adecuadas es que las personas responsables de la toma de decisiones trabajen con las cooperativas, asociaciones y organizaciones de vendedorxs ambulantes. Estos grupos de base son los que mejor conocen lo que se necesita.<\/p>\n<h2>El impacto sobre lxs vendedorxs y las respuestas en determinados pa\u00edses<\/h2>\n<h3>Per\u00fa<\/h3>\n<p>El 16 de marzo, con menos de 150 casos registrados, se declar\u00f3 un aislamiento social obligatorio de un mes de duraci\u00f3n a nivel nacional. El Gobierno anunci\u00f3 la entrega de un \u00fanico subsidio en efectivo de 110 USD (380 soles) para las familias vulnerables. El 26 de marzo, lo extendi\u00f3 a lxs trabajadorxs en empleo informal. Sin embargo, existe la preocupaci\u00f3n de que la elevada poblaci\u00f3n de vendedorxs no se registre para recibir el subsidio.<\/p>\n<p>El Gobierno prometi\u00f3 un subsidio en efectivo m\u00e1s grande para quienes trabajan por cuenta propia, lo que incluye a la mayor\u00eda de lxs vendedorxs, pero a\u00fan no se ha materializado. Se espera que el aislamiento social obligatorio dure hasta junio, lo que dejar\u00e1 a muchxs en una situaci\u00f3n econ\u00f3mica desesperante.<\/p>\n<p>A principios de marzo, <a href=\"https:\/\/peru21.pe\/lima\/coronavirus-en-peru-los-informales-acataran-la-cuarentena-noticia\/\" target=\"_blank\" rel=\"noopener\">lxs vendedorxs ambulantes de Lima<\/a> fueron entrevistadxs sobre qu\u00e9 significar\u00eda una cuarentena para sus medios de subsistencia.<br \/>\nAquellxs que son esenciales para la cadena alimentaria fueron declaradxs trabajadorxs esenciales y contin\u00faan con sus actividades. Sin embargo, aunque su asociaci\u00f3n les ha brindado mascarillas con sus propios fondos, necesitan acceder a m\u00e1s estaciones de desinfecci\u00f3n de manos y contar con guantes y mascarillas.<\/p>\n<p>Est\u00e1n negociando con el Gobierno para recibir tests y equipos de protecci\u00f3n. Muchxs estibadorxs no regresan al trabajo debido a la falta de protecci\u00f3n. Las redes de distribuci\u00f3n local ya se han visto afectadas.<\/p>\n<p>Pero a lo largo de toda Am\u00e9rica Latina, y especialmente en Per\u00fa, el aumento de las infecciones y el miedo han llevado a la estigmatizaci\u00f3n de lxs vendedorxs ambulantes y de lxs comerciantes de mercado en empleo informal, quienes brindan los alimentos necesarios y <a href=\"https:\/\/www.wiego.org\/detener-la-propagacion-de-la-covid-19-los-aportes-de-las-trabajadoras-y-trabajadores-en-empleo\">trabajan duro para preservar la seguridad del p\u00fablico y de ellxs mismxs<\/a>.<\/p>\n<p>Lxs vendedorxs de peri\u00f3dicos (canillitas) tienen el apoyo de la polic\u00eda nacional para ir a trabajar como un trabajadorxs esenciales; sin embargo, muchxs de ellxs se quedan en casa por falta de equipos de protecci\u00f3n. Los centros de distribuci\u00f3n, al ver una reducci\u00f3n en el volumen de ventas de los peri\u00f3dicos, comenzaron a entregar equipos de protecci\u00f3n a lxs canillitas. Conoce a lxs canillitas y escucha sus problemas en este blog: \u00a0<a href=\"https:\/\/www.wiego.org\/blog\/esenciales-pero-desprotegidos-las-trabajadoras-y-trabajadores-en-empleo-informal-durante-la\/\">Esenciales pero desprotegidos: Las trabajadoras y trabajadores en empleo informal durante la crisis<\/a> (7 de abril).<\/p>\n<p>A fines de abril, las asociaciones de trabajadorxs en empleo informal de Lima lanzaron una campa\u00f1a para mostrar c\u00f3mo les afecta la crisis de la COVID-19, difundir informaci\u00f3n y asegurarse de que las autoridades escucharan sus reclamos. Hacen hincapi\u00e9 en que quieren ser parte de la soluci\u00f3n vencer al virus y cumplir con las medidas recomendadas por el Gobierno, pero necesitan ingresos y protecciones sociales para sobrevivir. Conoce m\u00e1s en este blog de WIEGO: <a href=\"https:\/\/www.wiego.org\/es\/blog\/como-enfrentan-los-comerciantes-en-publica-al-covid-19\/\">C\u00f3mo est\u00e1n enfrentando la COVID-19 lxs vendedorxs ambulantes de Per\u00fa?<\/a><\/p>\n<h3>Ghana\u00a0<\/h3>\n<p>Lxs vendedorxs ambulantes ya sufr\u00edan una reducci\u00f3n en la demanda de clientes, quienes tem\u00edan comprarles por miedo al contagio. \u00a0Hubo un breve repunte en las ventas una vez que se anunci\u00f3 la cuarentena en marzo, ya que muchas personas se apresuraron a comprar alimentos. Ahora, solo se permite la permanencia de lxs vendedorxs de frutas y verduras frescas. De estxs, a algunxs se les ha impedido vender porque no tienen tarjetas de identificaci\u00f3n que prueben que son vendedorxs de alimentos.<\/p>\n<p>Lxs vendedorxs que siguen trabajando denuncian la escasez de productos desinfectantes para manos y de agua en los mercados.<\/p>\n<p>La mayor\u00eda de lxs kayayei (estibadorxs de mercado) est\u00e1 sin trabajo. Tras la prohibici\u00f3n, <a href=\"https:\/\/www.ghanaweb.com\/GhanaHomePage\/NewsArchive\/Accra-lockdown-Kayayei-return-to-Northern-Ghana-907474\" target=\"_blank\" rel=\"noopener\">muchxs kayayei trataron de regresar a las \u00e1reas rurales del norte<\/a>, su lugar de origen. Algunos de sus transportes fueron detenidos por la polic\u00eda, quien los hac\u00eda regresar.<\/p>\n<p>En <a href=\"https:\/\/www.rfi.fr\/en\/africa\/20200408-african-street-vendors-feel-the-squeeze-under-strict-covid-19-measures-food-traders-markets-coronavirus-lockdown\" target=\"_blank\" rel=\"noopener\">este art\u00edculo de <em>Radio France Internationale<\/em><\/a>, la coordinadora de la Ciudad Focal Accra, Dorcas Ansah, y lxs vendedorxs ambulantes explicaron los desaf\u00edos en los mercados superpoblados de Accra, mientras las autoridades tratan de imponer condiciones que son dif\u00edciles de implementar.<\/p>\n<h3>India<\/h3>\n<p>Un aislamiento social obligatorio abrupto y completo en India el 24 de marzo sumi\u00f3 al pa\u00eds en el caos y <a href=\"https:\/\/www.wiego.org\/blog\/die-hunger-or-virus-all-too-real-dilemma-poor-india-and-elsewhere\/\">provoc\u00f3 una crisis humanitaria<\/a>. Los mercados informales y los sitios de venta se cerraron, y los mercados mayoristas solo estuvieron disponibles durante algunas horas.El transporte tambi\u00e9n se interrumpi\u00f3. En cuesti\u00f3n de d\u00edas, la Asociaci\u00f3n de Mujeres Autoempleadas (SEWA) trabaj\u00f3 con la corporaci\u00f3n municipal de Ahmedabad para ayudar a asegurar la cadena alimentaria. Como explica Marty Chen en un <a href=\"https:\/\/www.wiego.org\/blog\/vegetables-wheels-ahmedabad-india-sewa-partners-municipality-ensure-food-access-during\/\">blog de WIEGO, Vegetables on Wheels<\/a> (&#8220;Verduras sobre ruedas&#8221;) comenz\u00f3 a entregar vegetales frescos y leche en los barrios con toque de queda utilizando bicitaxis el\u00e9ctricos. La iniciativa re\u00fane a lxs vendedorxs de alimentos y a lxs transportistas en empleo informal para prestar un servicio esencial de seguridad alimentaria.<\/p>\n<h3><strong>Sud\u00e1frica<\/strong><\/h3>\n<p>En <a href=\"https:\/\/www.wiego.org\/advocacy-worker-education-resources\/message-president-saita-effects-covid-19-informal-business-economy\">una carta abierta al Gobierno de Sud\u00e1frica<\/a> escrita unos d\u00edas antes de que se impusiera un aislamiento social obligatorio a nivel nacional, Rosheda Muller, presidenta de la Alianza de Comerciantes del Sector Informal de Sud\u00e1frica (SAITA), dijo: \u201cCualquier interrupci\u00f3n o suspensi\u00f3n del comercio tendr\u00e1 un impacto catastr\u00f3fico en los medios de subsistencia de miles y miles de personas trabajadoras de la econom\u00eda informal y sus familias\u201d.<\/p>\n<p>Despu\u00e9s de que SAITA, WIEGO y otrxs reclamaran al Gobierno que incluyera a lxs vendedorxs en empleo informal en el Reglamento de Gesti\u00f3n de Desastres, las tiendas spaza y lxs comerciantes de alimentos en empleo informal recibieron permiso para trabajar como trabajadorxs esenciales, si contaban con la autorizaci\u00f3n municipal. Cuando las municipalidades se negaron a otorgar las autorizaciones, alegando que estaban cerradas, el Gobierno las oblig\u00f3 a abrir (otra vez, como resultado de los reclamos) y a que garantizaran que lxs comerciantes pudieran hacer el trabajo esencial de brindar productos b\u00e1sicos y alimentos necesarios.<\/p>\n<p>En Durban, la organizaci\u00f3n socia de WIEGO Asiye e Tafuleni (AeT) est\u00e1 trabajando con profesionales de la salud y WIEGO en Durban, Sud\u00e1frica, a fin de desarrollar intervenciones para ayudar a lxs trabajadorxs en empleo informal a evitar la transmisi\u00f3n de COVID-19. Se fabricaron chalecos sobre distanciamiento f\u00edsico y mascarillas en Warwick Junction (un gran mercado informal donde trabaja AeT). \u201cDespu\u00e9s del aislamiento social obligatorio, Sud\u00e1frica no podr\u00e1 simplemente volver a la normalidad\u201d, escribe Sarah Heneck, de AeT. \u201c<a href=\"https:\/\/www.groundup.org.za\/article\/covid-19-informal-traders-will-need-support-beyond-lockdown\/\" target=\"_blank\" rel=\"noopener\">Si la econom\u00eda informal no recibe apoyo, habr\u00e1 consecuencias devastadoras<\/a> para las innumerables personas que viven en este pa\u00eds, sobre todo en t\u00e9rminos de seguridad alimentaria\u201d.<\/p>\n<h3>Estados Unidos\u00a0<\/h3>\n<p>Las organizaciones de vendedorxs ambulantes de todo EE. UU. han creado una plataforma unificada de reivindicaciones. Se centra en las necesidades socioecon\u00f3micas inmediatas y busca una econom\u00eda justa que reconozca el valor de lxs vendedorxs ambulantes y las contribuciones de sus empresas. La coalici\u00f3n, que comprende a vendedorxs de Chicago, la ciudad de Nueva York, Los \u00c1ngeles y Washington DC, lanz\u00f3 <a href=\"https:\/\/www.facebook.com\/watch\/live\/?v=726635124771190&#038;ref=watch_permalink\">la Agenda Nacional para la Justicia de lxs Vendedorxs Ambulantes<\/a> el 13 de mayo a trav\u00e9s de un evento en directo de Facebook.<\/p>\n<p>Incluso antes de que el virus causara estragos en Nueva York, el <a href=\"http:\/\/streetvendor.org\/statement-on-emergency-community-needs-in-response-to-covid-19\/\">Proyecto de Vendedorxs Ambulantes<\/a> detall\u00f3 las necesidades inmediatas de lxs vendedorxs ambulantes y las demandas m\u00e1s amplias de salud y de seguridad de las comunidades de primera l\u00ednea. A fines de marzo, lanzaron una campa\u00f1a de emergencia en <a href=\"https:\/\/charity.gofundme.com\/o\/es\/campaign\/nyc-street-vendor-covid-19-emergency-fund\" target=\"_blank\" rel=\"noopener\">GoFundMe<\/a> para miembros.<\/p>\n<p>A principios de marzo, en Portland, Oregon, sobre la costa oeste, que fue el primer lugar en sufrir el impacto del virus, <a href=\"https:\/\/www.streetroots.org\/news\/2020\/03\/12\/vendors-take-supplies-and-covid-19-information-streets\" target=\"_blank\" rel=\"noopener\">se les pag\u00f3 a lxs vendedorxs de peri\u00f3dicos en empleo informal para que difundieran<\/a> informaci\u00f3n y kits de higiene a las personas que viv\u00edan en la calle.<\/p>\n<h3><strong>Tailandia<\/strong><\/h3>\n<p>En Bangkok, donde lxs vendedorxs ambulantes ya estaban luchando contra los desalojos, los ingresos bajaron hasta un 80%, debido al aislamiento social obligatorio parcial que comenz\u00f3 a mediados de marzo, seg\u00fan Poonsap Tulaphan, directora de HomeNet Tailandia. \u201cLxs vendedorxs ambulantes de comida todav\u00eda pueden vender comida para llevar, pero hay menos clientes\u201d, dijo a <a href=\"https:\/\/www.reuters.com\/article\/health-coronavirus-asia\/asias-street-food-hawkers-struggle-during-coronavirus-lockdowns-idUSL4N2BH2ZA\" target=\"_blank\" rel=\"noopener\">Reuters en este art\u00edculo<\/a>. \u201cLos precios de las materias primas tambi\u00e9n est\u00e1n mucho m\u00e1s altos, pero ellxs no pueden aumentar los suyos\u201d.<\/p>\n<p>De acuerdo con la Encuesta de la fuerza laboral de Tailandia de 2017, hab\u00eda casi <a href=\"https:\/\/www.wiego.org\/sites\/default\/files\/publications\/file\/Informal%20Workers%20in%20Urban%20Thailand%20WIEGO%20SB%2020_1.pdf\" target=\"_blank\" rel=\"noopener\">144 000 vendedorxs ambulantes en Bangkok<\/a>, y la gran mayor\u00eda de estxs vend\u00eda comida.<\/p>\n<h3>Turqu\u00eda<\/h3>\n<p>La Plataforma Mundial de Econom\u00eda Ambulante <a href=\"https:\/\/www.wiego.org\/advocacy-worker-education-resources\/effects-covid-19-pandemic-street-economy-and-solution-proposals\">elabor\u00f3 un panfleto<\/a> que brinda datos y cifras de la econom\u00eda informal en Turqu\u00eda y explica por qu\u00e9 quienes trabajan en espacios p\u00fablicos no deber\u00edan ser consideradxs parte del problema, sino de la soluci\u00f3n en crisis como la de la COVID-19.<\/p>\n<h3><strong>Zimbabue<\/strong><\/h3>\n<p>A fines de marzo, Zimbabue comenz\u00f3 un aislamiento social obligatorio de tres semanas que cerr\u00f3 los mercados p\u00fablicos y suspendi\u00f3 el comercio informal, lo que dej\u00f3 a la alta fracci\u00f3n de trabajadorxs en empleo informal del pa\u00eds sin acceso a sus ingresos. Aunque el Gobierno anunci\u00f3 un modesto pago \u00fanico en efectivo para los particulares a principios de abril, lxs comerciantes no tuvierno m\u00e1s remedio que trabajar desafiando desesperadamente las medidas de aislamiento social obligatorio.<\/p>\n<p>En muchos lugares, las autoridades locales reaccionaron destruyendo los puestos de lxs vendedorxs y arrestando trabajadorxs pobres a gran escala, un comportamiento que la C\u00e1mara de Asociaciones de la Econom\u00eda Informal de Zimbabue (ZCIEA) describi\u00f3 como <a href=\"https:\/\/www.wiego.org\/sites\/default\/files\/resources\/file\/ZCIEA%20PRESS%20STATEMENT%20ON%20THE%20DESTRUCTION%20OF%20VENDORS%E2%80%99%20STALLS%20DURING%20COVID-19%20LOCKDOWN%20.pdf\" target=\"_blank\" rel=\"noopener\">\u201chorrible, inhumano y despiadado\u201d<\/a>.<\/p>\n<blockquote>\n<p>Como organizaci\u00f3n que trabaja con trabajadorxs de la econom\u00eda informal y en representaci\u00f3n de estxs en 42 territorios de Zimbabue, la ZCIEA ve esta acci\u00f3n como una forma silenciosa de acoso y tortura de ciudadanxs inocentes que se dedican al comercio informal para sobrevivir.<\/p>\n<\/blockquote>\n<p>El aislamiento social obligatorio dur\u00f3 meses. <a href=\"https:\/\/www.voanews.com\/covid-19-pandemic\/zimbabwe-leader-extends-covid-19-lockdown\" target=\"_blank\" rel=\"noopener\">Las entrevistas en los medios con comerciantes en empleo informal<\/a> en mayo revelaron que muchos luchan para sobrevivir.<\/p>\n<p>El 11 de junio, el presidente de Zimbabue anunci\u00f3 que las empresas del sector informal podr\u00edan operar con la condici\u00f3n de que se registraran ante las autoridades locales como parte de las iniciativas del Gobierno <a href=\"https:\/\/www.wiego.org\/our-work-impact\/themes\/formalization\">para formalizar<\/a> estas actividades.<\/p>\n<p><a href=\"https:\/\/www.wiego.org\/advocacy-worker-education-resources\/zciea-press-statement-re-opening-informal-sector-zimbabwe\">En un comunicado de prensa<\/a>, la ZCIEA elogi\u00f3 al Gobierno por haber permitido nuevamente el acceso a estos medios de subsistencia, pero observ\u00f3 que \u201cel proceso de REGISTRO al que se refiere el presidente no se realiza de la noche a la ma\u00f1ana y tiene varias categor\u00edas de cumplimiento y remuneraci\u00f3n dependiendo del rubro comercial en el que unx trabaje. (&#8230;) Esperamos que las diferentes autoridades locales puedan definir este proceso de una forma que sea f\u00e1cil de entender y accesible para las personas a las que est\u00e1 dirigido\u201d.<\/p>\n<p>El sindicato, que tiene miembros en todo el pa\u00eds, <a href=\"https:\/\/twitter.com\/zcieazim\/status\/1268560099288788996\" target=\"_blank\" rel=\"noopener\">ha distribuido equipamientos de protecci\u00f3n individual a lxs comerciantes<\/a> para que pudieran trabajar segurxs.<\/p>\n","protected":false},"excerpt":{"rendered":"<p>Foto: Feliciana Carcasi Luque vende comida en el Mercado Modelo Pamplona de Lima, donde se ha permitido que algunxs vendedorxs de art\u00edculos de primera necesidad siguieran trabajando. Foto de Juan Arredondo, Getty Images Reportage. La pandemia se suma a las dificultades de lxs vendedorxs en empleo informal Lxs vendedorxs ambulantes, lxs comerciantes y lxs estibadorxs [&hellip;]<\/p>\n","protected":false},"author":2,"featured_media":0,"comment_status":"closed","ping_status":"closed","sticky":false,"template":"","format":"standard","meta":{"_acf_changed":false,"_relevanssi_hide_post":"","_relevanssi_hide_content":"","_relevanssi_pin_for_all":"","_relevanssi_pin_keywords":"","_relevanssi_unpin_keywords":"","_relevanssi_related_keywords":"","_relevanssi_related_include_ids":"","_relevanssi_related_exclude_ids":"","_relevanssi_related_no_append":"","_relevanssi_related_not_related":"","_relevanssi_related_posts":"","_relevanssi_noindex_reason":"","footnotes":""},"class_list":["post-26270","post","type-post","status-publish","format-standard","hentry","economy-theme-etude-crise-covid-19","occupational-group-vendedorxs-ambulantes-de-mercado"],"acf":[],"yoast_head":"<!-- This site is optimized with the Yoast SEO Premium plugin v23.8 (Yoast SEO v27.4) - https:\/\/yoast.com\/product\/yoast-seo-premium-wordpress\/ -->\n<title>Vendedorxs ambulantes: Bienes esenciales y necesidades urgentes - WIEGO<\/title>\n<meta name=\"robots\" content=\"index, follow, max-snippet:-1, max-image-preview:large, max-video-preview:-1\" \/>\n<link rel=\"canonical\" href=\"https:\/\/www.wiego.org\/es\/blog\/vendedorxs-ambulantes\/\" \/>\n<meta property=\"og:locale\" content=\"es_ES\" \/>\n<meta property=\"og:type\" content=\"article\" \/>\n<meta property=\"og:title\" content=\"Vendedorxs ambulantes: Bienes esenciales y necesidades urgentes\" \/>\n<meta property=\"og:description\" content=\"Foto: Feliciana Carcasi Luque vende comida en el Mercado Modelo Pamplona de Lima, donde se ha permitido que algunxs vendedorxs de art\u00edculos de primera necesidad siguieran trabajando. Foto de Juan Arredondo, Getty Images Reportage. La pandemia se suma a las dificultades de lxs vendedorxs en empleo informal Lxs vendedorxs ambulantes, lxs comerciantes y lxs estibadorxs [&hellip;]\" \/>\n<meta property=\"og:url\" content=\"https:\/\/www.wiego.org\/es\/blog\/vendedorxs-ambulantes\/\" \/>\n<meta property=\"og:site_name\" content=\"WIEGO\" \/>\n<meta property=\"article:publisher\" content=\"https:\/\/www.facebook.com\/wiegoglobal\/\" \/>\n<meta property=\"article:published_time\" content=\"2020-04-05T18:25:18+00:00\" \/>\n<meta property=\"og:image\" content=\"https:\/\/www.wiego.org\/wp-content\/uploads\/2024\/12\/WIEGO_Open-Graph_option-1-1024x538.png\" \/>\n\t<meta property=\"og:image:width\" content=\"1024\" \/>\n\t<meta property=\"og:image:height\" content=\"538\" \/>\n\t<meta property=\"og:image:type\" content=\"image\/png\" \/>\n<meta name=\"author\" content=\"The WIEGO Team\" \/>\n<meta name=\"twitter:card\" content=\"summary_large_image\" \/>\n<meta name=\"twitter:creator\" content=\"@wiegoglobal\" \/>\n<meta name=\"twitter:site\" content=\"@wiegoglobal\" \/>\n<meta name=\"twitter:label1\" content=\"Written by\" \/>\n\t<meta name=\"twitter:data1\" content=\"The WIEGO Team\" \/>\n\t<meta name=\"twitter:label2\" content=\"Est. reading time\" \/>\n\t<meta name=\"twitter:data2\" content=\"12 minutes\" \/>\n<script type=\"application\/ld+json\" class=\"yoast-schema-graph\">{\"@context\":\"https:\\\/\\\/schema.org\",\"@graph\":[{\"@type\":\"Article\",\"@id\":\"https:\\\/\\\/www.wiego.org\\\/es\\\/blog\\\/vendedorxs-ambulantes\\\/#article\",\"isPartOf\":{\"@id\":\"https:\\\/\\\/www.wiego.org\\\/es\\\/blog\\\/vendedorxs-ambulantes\\\/\"},\"author\":{\"name\":\"The WIEGO Team\",\"@id\":\"https:\\\/\\\/www.wiego.org\\\/es\\\/#\\\/schema\\\/person\\\/a59b513607ebe888542e7f3325fc7769\"},\"headline\":\"Vendedorxs ambulantes: Bienes esenciales y necesidades urgentes\",\"datePublished\":\"2020-04-05T18:25:18+00:00\",\"mainEntityOfPage\":{\"@id\":\"https:\\\/\\\/www.wiego.org\\\/es\\\/blog\\\/vendedorxs-ambulantes\\\/\"},\"wordCount\":2356,\"publisher\":{\"@id\":\"https:\\\/\\\/www.wiego.org\\\/es\\\/#organization\"},\"articleSection\":[\"Sin categorizar\"],\"inLanguage\":\"es-ES\"},{\"@type\":\"WebPage\",\"@id\":\"https:\\\/\\\/www.wiego.org\\\/es\\\/blog\\\/vendedorxs-ambulantes\\\/\",\"url\":\"https:\\\/\\\/www.wiego.org\\\/es\\\/blog\\\/vendedorxs-ambulantes\\\/\",\"name\":\"Vendedorxs ambulantes: Bienes esenciales y necesidades urgentes - WIEGO\",\"isPartOf\":{\"@id\":\"https:\\\/\\\/www.wiego.org\\\/es\\\/#website\"},\"datePublished\":\"2020-04-05T18:25:18+00:00\",\"breadcrumb\":{\"@id\":\"https:\\\/\\\/www.wiego.org\\\/es\\\/blog\\\/vendedorxs-ambulantes\\\/#breadcrumb\"},\"inLanguage\":\"es-ES\",\"potentialAction\":[{\"@type\":\"ReadAction\",\"target\":[\"https:\\\/\\\/www.wiego.org\\\/es\\\/blog\\\/vendedorxs-ambulantes\\\/\"]}]},{\"@type\":\"WebSite\",\"@id\":\"https:\\\/\\\/www.wiego.org\\\/es\\\/#website\",\"url\":\"https:\\\/\\\/www.wiego.org\\\/es\\\/\",\"name\":\"WIEGO\",\"description\":\"\",\"publisher\":{\"@id\":\"https:\\\/\\\/www.wiego.org\\\/es\\\/#organization\"},\"potentialAction\":[{\"@type\":\"SearchAction\",\"target\":{\"@type\":\"EntryPoint\",\"urlTemplate\":\"https:\\\/\\\/www.wiego.org\\\/es\\\/?s={search_term_string}\"},\"query-input\":{\"@type\":\"PropertyValueSpecification\",\"valueRequired\":true,\"valueName\":\"search_term_string\"}}],\"inLanguage\":\"es-ES\"},{\"@type\":\"Organization\",\"@id\":\"https:\\\/\\\/www.wiego.org\\\/es\\\/#organization\",\"name\":\"WIEGO\",\"url\":\"https:\\\/\\\/www.wiego.org\\\/es\\\/\",\"logo\":{\"@type\":\"ImageObject\",\"inLanguage\":\"es-ES\",\"@id\":\"https:\\\/\\\/www.wiego.org\\\/es\\\/#\\\/schema\\\/logo\\\/image\\\/\",\"url\":\"https:\\\/\\\/www.wiego.org\\\/wp-content\\\/uploads\\\/2024\\\/12\\\/logo.svg\",\"contentUrl\":\"https:\\\/\\\/www.wiego.org\\\/wp-content\\\/uploads\\\/2024\\\/12\\\/logo.svg\",\"width\":142,\"height\":90,\"caption\":\"WIEGO\"},\"image\":{\"@id\":\"https:\\\/\\\/www.wiego.org\\\/es\\\/#\\\/schema\\\/logo\\\/image\\\/\"},\"sameAs\":[\"https:\\\/\\\/www.facebook.com\\\/wiegoglobal\\\/\",\"https:\\\/\\\/x.com\\\/wiegoglobal\",\"https:\\\/\\\/www.linkedin.com\\\/company\\\/wiego\\\/\",\"https:\\\/\\\/www.youtube.com\\\/user\\\/wiegoglobal\"],\"description\":\"WIEGO is a global network that supports the movement of workers in informal employment.\"},{\"@type\":\"BreadcrumbList\",\"itemListElement\":[{\"@type\":\"ListItem\",\"position\":1,\"item\":{\"@id\":\"https:\\\/\\\/www.wiego.org\\\/es\\\/\",\"name\":\"WIEGO\"}},{\"@type\":\"ListItem\",\"position\":2,\"item\":{\"@id\":\"https:\\\/\\\/www.wiego.org\\\/es\\\/blog\\\/\",\"name\":\"Blog WIEGO\"}}],\"@id\":\"\\\/#breadcrumb\"}]}<\/script>\n<!-- \/ Yoast SEO Premium plugin. -->","yoast_head_json":{"title":"Vendedorxs ambulantes: Bienes esenciales y necesidades urgentes - WIEGO","robots":{"index":"index","follow":"follow","max-snippet":"max-snippet:-1","max-image-preview":"max-image-preview:large","max-video-preview":"max-video-preview:-1"},"canonical":"https:\/\/www.wiego.org\/es\/blog\/vendedorxs-ambulantes\/","og_locale":"es_ES","og_type":"article","og_title":"Vendedorxs ambulantes: Bienes esenciales y necesidades urgentes","og_description":"Foto: Feliciana Carcasi Luque vende comida en el Mercado Modelo Pamplona de Lima, donde se ha permitido que algunxs vendedorxs de art\u00edculos de primera necesidad siguieran trabajando. Foto de Juan Arredondo, Getty Images Reportage. La pandemia se suma a las dificultades de lxs vendedorxs en empleo informal Lxs vendedorxs ambulantes, lxs comerciantes y lxs estibadorxs [&hellip;]","og_url":"https:\/\/www.wiego.org\/es\/blog\/vendedorxs-ambulantes\/","og_site_name":"WIEGO","article_publisher":"https:\/\/www.facebook.com\/wiegoglobal\/","article_published_time":"2020-04-05T18:25:18+00:00","og_image":[{"width":1024,"height":538,"url":"https:\/\/www.wiego.org\/wp-content\/uploads\/2024\/12\/WIEGO_Open-Graph_option-1-1024x538.png","type":"image\/png"}],"author":"The WIEGO Team","twitter_card":"summary_large_image","twitter_creator":"@wiegoglobal","twitter_site":"@wiegoglobal","twitter_misc":{"Written by":"The WIEGO Team","Est. reading time":"12 minutes"},"schema":{"@context":"https:\/\/schema.org","@graph":[{"@type":"Article","@id":"https:\/\/www.wiego.org\/es\/blog\/vendedorxs-ambulantes\/#article","isPartOf":{"@id":"https:\/\/www.wiego.org\/es\/blog\/vendedorxs-ambulantes\/"},"author":{"name":"The WIEGO Team","@id":"https:\/\/www.wiego.org\/es\/#\/schema\/person\/a59b513607ebe888542e7f3325fc7769"},"headline":"Vendedorxs ambulantes: Bienes esenciales y necesidades urgentes","datePublished":"2020-04-05T18:25:18+00:00","mainEntityOfPage":{"@id":"https:\/\/www.wiego.org\/es\/blog\/vendedorxs-ambulantes\/"},"wordCount":2356,"publisher":{"@id":"https:\/\/www.wiego.org\/es\/#organization"},"articleSection":["Sin categorizar"],"inLanguage":"es-ES"},{"@type":"WebPage","@id":"https:\/\/www.wiego.org\/es\/blog\/vendedorxs-ambulantes\/","url":"https:\/\/www.wiego.org\/es\/blog\/vendedorxs-ambulantes\/","name":"Vendedorxs ambulantes: Bienes esenciales y necesidades urgentes - WIEGO","isPartOf":{"@id":"https:\/\/www.wiego.org\/es\/#website"},"datePublished":"2020-04-05T18:25:18+00:00","breadcrumb":{"@id":"https:\/\/www.wiego.org\/es\/blog\/vendedorxs-ambulantes\/#breadcrumb"},"inLanguage":"es-ES","potentialAction":[{"@type":"ReadAction","target":["https:\/\/www.wiego.org\/es\/blog\/vendedorxs-ambulantes\/"]}]},{"@type":"WebSite","@id":"https:\/\/www.wiego.org\/es\/#website","url":"https:\/\/www.wiego.org\/es\/","name":"WIEGO","description":"","publisher":{"@id":"https:\/\/www.wiego.org\/es\/#organization"},"potentialAction":[{"@type":"SearchAction","target":{"@type":"EntryPoint","urlTemplate":"https:\/\/www.wiego.org\/es\/?s={search_term_string}"},"query-input":{"@type":"PropertyValueSpecification","valueRequired":true,"valueName":"search_term_string"}}],"inLanguage":"es-ES"},{"@type":"Organization","@id":"https:\/\/www.wiego.org\/es\/#organization","name":"WIEGO","url":"https:\/\/www.wiego.org\/es\/","logo":{"@type":"ImageObject","inLanguage":"es-ES","@id":"https:\/\/www.wiego.org\/es\/#\/schema\/logo\/image\/","url":"https:\/\/www.wiego.org\/wp-content\/uploads\/2024\/12\/logo.svg","contentUrl":"https:\/\/www.wiego.org\/wp-content\/uploads\/2024\/12\/logo.svg","width":142,"height":90,"caption":"WIEGO"},"image":{"@id":"https:\/\/www.wiego.org\/es\/#\/schema\/logo\/image\/"},"sameAs":["https:\/\/www.facebook.com\/wiegoglobal\/","https:\/\/x.com\/wiegoglobal","https:\/\/www.linkedin.com\/company\/wiego\/","https:\/\/www.youtube.com\/user\/wiegoglobal"],"description":"WIEGO is a global network that supports the movement of workers in informal employment."},{"@type":"BreadcrumbList","itemListElement":[{"@type":"ListItem","position":1,"item":{"@id":"https:\/\/www.wiego.org\/es\/","name":"WIEGO"}},{"@type":"ListItem","position":2,"item":{"@id":"https:\/\/www.wiego.org\/es\/blog\/","name":"Blog WIEGO"}}],"@id":"\/#breadcrumb"}]}},"_links":{"self":[{"href":"https:\/\/www.wiego.org\/es\/wp-json\/wp\/v2\/posts\/26270","targetHints":{"allow":["GET"]}}],"collection":[{"href":"https:\/\/www.wiego.org\/es\/wp-json\/wp\/v2\/posts"}],"about":[{"href":"https:\/\/www.wiego.org\/es\/wp-json\/wp\/v2\/types\/post"}],"author":[{"embeddable":true,"href":"https:\/\/www.wiego.org\/es\/wp-json\/wp\/v2\/users\/2"}],"replies":[{"embeddable":true,"href":"https:\/\/www.wiego.org\/es\/wp-json\/wp\/v2\/comments?post=26270"}],"version-history":[{"count":0,"href":"https:\/\/www.wiego.org\/es\/wp-json\/wp\/v2\/posts\/26270\/revisions"}],"wp:attachment":[{"href":"https:\/\/www.wiego.org\/es\/wp-json\/wp\/v2\/media?parent=26270"}],"curies":[{"name":"wp","href":"https:\/\/api.w.org\/{rel}","templated":true}]}}